{"id":2600,"date":"2026-07-24T19:22:59","date_gmt":"2026-07-24T22:22:59","guid":{"rendered":"https:\/\/mundialize.com.br\/?p=2600"},"modified":"2026-07-25T11:08:14","modified_gmt":"2026-07-25T14:08:14","slug":"queda-de-cabelo-pos-parto-o-que-toda-mae-precisa-saber","status":"publish","type":"post","link":"https:\/\/mundialize.com.br\/en\/queda-de-cabelo-pos-parto-o-que-toda-mae-precisa-saber\/","title":{"rendered":"Queda de cabelo p\u00f3s-parto: o que toda m\u00e3e precisa saber?"},"content":{"rendered":"<h2 class=\"wp-block-heading has-medium-font-size\">Queda de cabelo p\u00f3s-parto: o que toda m\u00e3e precisa saber?<\/h2>\n\n\n\n<p class=\"has-medium-font-size\">Nunca imaginei que um simples banho pudesse me assustar tanto. Bastava lavar o cabelo para o ralo ficar cheio de fios.<\/p>\n\n\n\n<p class=\"has-medium-font-size\">Quando passava as m\u00e3os nos cabelos, v\u00e1rios deles ca\u00edam de uma s\u00f3 vez. Confesso que pensei que havia algo errado comigo, at\u00e9 descobrir que essa \u00e9 uma situa\u00e7\u00e3o muito comum entre as m\u00e3es no p\u00f3s-parto.<\/p>\n\n\n\n<p class=\"has-medium-font-size\">Depois vim saber que muitas <strong>m\u00e3es<\/strong> passam por isso, principalmente nos primeiros meses do beb\u00ea.<\/p>\n\n\n\n<p class=\"has-medium-font-size\">A minha casa ficava literalmente com cabelo por toda parte.<\/p>\n\n\n\n<hr class=\"wp-block-separator has-alpha-channel-opacity\"\/>\n\n\n\n<h2 class=\"wp-block-heading has-medium-font-size\"><strong>Resumo para quem est\u00e1 com pressa<\/strong>:<\/h2>\n\n\n\n<p class=\"has-medium-font-size\">Se surgirem falhas ou outros sintomas, procure um dermatologista.<\/p>\n\n\n\n<p class=\"has-medium-font-size\">A queda de cabelo p\u00f3s-parto \u00e9 comum.<\/p>\n\n\n\n<p class=\"has-medium-font-size\">Costuma come\u00e7ar nas primeiras semanas ou meses ap\u00f3s o parto.<\/p>\n\n\n\n<p class=\"has-medium-font-size\">Na maioria das mulheres, melhora naturalmente.<\/p>\n\n\n\n<hr class=\"wp-block-separator has-alpha-channel-opacity\"\/>\n\n\n\n<h1 class=\"wp-block-heading has-medium-font-size\">Minha experi\u00eancia:<\/h1>\n\n\n\n<figure class=\"wp-block-image size-large\"><img loading=\"lazy\" decoding=\"async\" width=\"1024\" height=\"536\" src=\"https:\/\/mundialize.com.br\/wp-content\/uploads\/2026\/07\/queda-cabelo-pos-parto-escova-mundialize-1024x536.webp\" alt=\"Queda de cabelo p\u00f3s-parto: o que toda m\u00e3e precisa saber?\" class=\"wp-image-2604\" srcset=\"https:\/\/mundialize.com.br\/wp-content\/uploads\/2026\/07\/queda-cabelo-pos-parto-escova-mundialize-1024x536.webp 1024w, https:\/\/mundialize.com.br\/wp-content\/uploads\/2026\/07\/queda-cabelo-pos-parto-escova-mundialize-300x157.webp 300w, https:\/\/mundialize.com.br\/wp-content\/uploads\/2026\/07\/queda-cabelo-pos-parto-escova-mundialize-768x402.webp 768w, https:\/\/mundialize.com.br\/wp-content\/uploads\/2026\/07\/queda-cabelo-pos-parto-escova-mundialize-18x9.webp 18w, https:\/\/mundialize.com.br\/wp-content\/uploads\/2026\/07\/queda-cabelo-pos-parto-escova-mundialize.webp 1200w\" sizes=\"auto, (max-width: 1024px) 100vw, 1024px\" \/><figcaption class=\"wp-element-caption\">Foto: (Acervo pessoal\/Mundialize)<\/figcaption><\/figure>\n\n\n\n<p class=\"has-medium-font-size\">Quando meus cabelos come\u00e7aram a cair, isso me abalou emocionalmente.<\/p>\n\n\n\n<p class=\"has-medium-font-size\">Eu sempre tive <strong>bastante cabelo<\/strong> e me preocupei pois meu cabelo nunca foi de cair tanto.<\/p>\n\n\n\n<p class=\"has-medium-font-size\">O simples fato de passar as <strong>m\u00e3os<\/strong> nos cabelos j\u00e1 fazia com que muitos fios <strong>come\u00e7assem<\/strong> a cair, mas ao conversar com <strong>profissionais <\/strong>descobri que em muitos casos \u00e9 natural a queda de cabelo ap\u00f3s o nascimento do beb\u00ea.<\/p>\n\n\n\n<h2 class=\"wp-block-heading has-medium-font-size\">O que dizem os especialistas?<\/h2>\n\n\n\n<figure class=\"wp-block-pullquote has-medium-font-size\"><blockquote><p>Quando conversei com profissionais, descobri que a <strong>queda de cabelo<\/strong> ap\u00f3s o parto \u00e9 uma altera\u00e7\u00e3o bastante comum.<br><br>Ela acontece porque o organismo passa por mudan\u00e7as hormonais depois da gravidez.<br><br>Na maioria das mulheres, essa queda <strong>diminui naturalmente<\/strong> com o passar dos meses, mas, se for muito intensa ou persistente, um dermatologista pode investigar outras poss\u00edveis causas.<\/p><cite>lUana fran\u00e7a<\/cite><\/blockquote><\/figure>\n\n\n\n<hr class=\"wp-block-separator has-alpha-channel-opacity\"\/>\n\n\n\n<h1 class=\"wp-block-heading has-medium-font-size\">Tabela Resumo Mundialize:<\/h1>\n\n\n\n<figure class=\"wp-block-table has-small-font-size\"><table class=\"has-fixed-layout\"><thead><tr><th>Situa\u00e7\u00e3o<\/th><th>O que costuma acontecer<\/th><\/tr><\/thead><tbody><tr><td>Quando come\u00e7a?<\/td><td>Entre as primeiras semanas e os primeiros meses ap\u00f3s o parto.<\/td><\/tr><tr><td>Quanto tempo dura?<\/td><td>Geralmente melhora entre 6 e 12 meses.<\/td><\/tr><tr><td>\u00c9 normal?<\/td><td>Sim, na maioria das mulheres.<\/td><\/tr><tr><td>Preciso procurar m\u00e9dico?<\/td><td>Se houver falhas, queda prolongada ou outros sintomas.<\/td><\/tr><\/tbody><\/table><\/figure>\n\n\n\n<h2 class=\"wp-block-heading\">O que \u00e9 a queda de cabelo p\u00f3s-parto?<\/h2>\n\n\n\n<p class=\"has-medium-font-size\">Essa queda de cabelo pode ser por causa das altera\u00e7\u00f5es hormonais ap\u00f3s o nascimento do beb\u00ea e que, na maioria das mulheres, faz parte do processo natural do p\u00f3s-parto.<\/p>\n\n\n\n<hr class=\"wp-block-separator has-alpha-channel-opacity\"\/>\n\n\n\n<h1 class=\"wp-block-heading has-medium-font-size\">Quando a queda de cabelo p\u00f3s-parto come\u00e7a?<\/h1>\n\n\n\n<p class=\"has-medium-font-size\">Isso pode variar de mulher para mulher, no meu caso come\u00e7ou logo na primeira semana ap\u00f3s o nascimento do meu filho.<\/p>\n\n\n\n<hr class=\"wp-block-separator has-alpha-channel-opacity\"\/>\n\n\n\n<h1 class=\"wp-block-heading has-medium-font-size\">Quanto tempo dura a queda de cabelo p\u00f3s-parto?<\/h1>\n\n\n\n<p class=\"has-medium-font-size\">Esse fato tamb\u00e9m pode variar, mas volta ao normal conforme o tempo. O beb\u00ea est\u00e1 com cinco meses e meu cabelo ainda segue caindo. <\/p>\n\n\n\n<p>Essa queda de cabelo pode durar em m\u00e9dia de dois a seis meses, e na maioria dos casos, estabiliza normalmente at\u00e9 os doze meses.<\/p>\n\n\n\n<h2 class=\"wp-block-heading has-medium-font-size\"><strong>A queda de cabelo p\u00f3s-parto pode acontecer durante a amamenta\u00e7\u00e3o?<\/strong><\/h2>\n\n\n\n<p>Sim, na maioria das mulheres a queda acontece durante a amamenta\u00e7\u00e3o. Meu filho \u00e9 amamentado com leite materno e meu cabelo <strong>continua caindo<\/strong>, por\u00e9m j\u00e1 vi relatos de m\u00e3es que mesmo sem amamentar <strong>com leite materno<\/strong>, tamb\u00e9m tiveram queda de cabelo ap\u00f3s o parto.<\/p>\n\n\n\n<hr class=\"wp-block-separator has-alpha-channel-opacity\"\/>\n\n\n\n<h1 class=\"wp-block-heading has-medium-font-size\">Por que o cabelo cai tanto depois da gravidez?<\/h1>\n\n\n\n<p class=\"has-medium-font-size\">As <strong>altera\u00e7\u00f5es hormonais <\/strong>durante a gravidez influenciam diretamente o ciclo dos fios.<\/p>\n\n\n\n<p class=\"has-medium-font-size\">A queda de cabelo depois da gravidez \u00e9 muito comum e acontece por causa das mudan\u00e7as que o corpo passa ap\u00f3s o parto. Eu tamb\u00e9m fiquei preocupada, mas descobri que essa fase costuma ser passageira e o cabelo volta a crescer aos poucos.<\/p>\n\n\n\n<hr class=\"wp-block-separator has-alpha-channel-opacity\"\/>\n\n\n\n<h1 class=\"wp-block-heading has-medium-font-size\">\u00c9 normal perder muito cabelo no banho?<\/h1>\n\n\n\n<p class=\"has-medium-font-size\"><strong>Sim, \u00e9 normal.<\/strong> Muitas m\u00e3es percebem uma quantidade maior de fios caindo durante o banho, principalmente ao lavar ou desembara\u00e7ar o cabelo. Eu tamb\u00e9m passei por isso e levei um susto, mas essa queda costuma fazer parte do p\u00f3s-parto e, na maioria das vezes, diminui com o passar dos meses.<\/p>\n\n\n\n<hr class=\"wp-block-separator has-alpha-channel-opacity\"\/>\n\n\n\n<h1 class=\"wp-block-heading has-medium-font-size\">Como diferenciar uma queda normal de um problema?<\/h1>\n\n\n\n<p class=\"has-medium-font-size\">A queda de cabelo no p\u00f3s-parto costuma ser normal e tempor\u00e1ria. Mas, se aparecerem falhas no couro cabeludo, a queda for muito intensa por muito tempo ou vier acompanhada de outros sintomas, \u00e9 importante procurar um m\u00e9dico para uma avalia\u00e7\u00e3o.<\/p>\n\n\n\n<hr class=\"wp-block-separator has-alpha-channel-opacity\"\/>\n\n\n\n<h1 class=\"wp-block-heading has-medium-font-size\">O que realmente me ajudou durante essa fase:<\/h1>\n\n\n\n<h3 class=\"wp-block-heading has-medium-font-size\">Alimenta\u00e7\u00e3o<\/h3>\n\n\n\n<p class=\"has-medium-font-size\">Uma das coisas que eu priorizei quando eu observei que a queda de cabelo come\u00e7ou foi a alimenta\u00e7\u00e3o.<\/p>\n\n\n\n<p>No meu pr\u00e9-natal, eu passei por nutricionista devido <strong>\u00e0<\/strong> diabetes gestacional. J\u00e1 aproveitei para <strong>perguntar <\/strong>a ela sobre <strong>\u00e0<\/strong> queda de cabelo, e a alimenta\u00e7\u00e3o equilibrada pode ajudar.<\/p>\n\n\n\n<h3 class=\"wp-block-heading has-medium-font-size\">Hidrata\u00e7\u00e3o<\/h3>\n\n\n\n<p class=\"has-medium-font-size\">Essa foi uma das primeiras recomenda\u00e7\u00f5es que recebi por parte da nutricionista.<\/p>\n\n\n\n<p class=\"has-medium-font-size\">A hidrata\u00e7\u00e3o \u00e9 muito importante, principalmente durante a gravidez, no meu caso a orienta\u00e7\u00e3o foi de beber no m\u00ednimo 2 litros de \u00e1gua por dia.<\/p>\n\n\n\n<p>E isso passou a me ajudar bastante na queda de cabelo.<\/p>\n\n\n\n<h3 class=\"wp-block-heading has-medium-font-size\">Cuidados com os fios<\/h3>\n\n\n\n<p class=\"has-medium-font-size\">Evitar qu\u00edmicas, excesso de calor, penteados muito apertados, dormir com os cabelos molhados entre outros cuidados que adotei que foram muito <strong>importantes<\/strong> para mim.<\/p>\n\n\n\n<p class=\"has-medium-font-size\">Penteados muito apertados come\u00e7aram a me dar dores de cabe\u00e7a, e usando prendedores male\u00e1veis ajudou a diminuir a dor de cabe\u00e7a que eu sentia, al\u00e9m de ajudar na queda do cabelo.<\/p>\n\n\n\n<h3 class=\"wp-block-heading has-medium-font-size\">Paci\u00eancia<\/h3>\n\n\n\n<p class=\"has-medium-font-size\">Ter paci\u00eancia me ajudou a diminuir <strong>minha<\/strong> ansiedade, porque a maternidade \u00e9 algo que exige calma, tranquilidade e respirar fundo.<\/p>\n\n\n\n<p class=\"has-medium-font-size\">Pelos seus cuidados como m\u00e3e e mulher, e tamb\u00e9m pelo beb\u00ea.<\/p>\n\n\n\n<hr class=\"wp-block-separator has-alpha-channel-opacity\"\/>\n\n\n\n<h1 class=\"wp-block-heading has-medium-font-size\">O que n\u00e3o funcionou comigo<\/h1>\n\n\n\n<p class=\"has-medium-font-size\">Eu tentei lavar os cabelos mais vezes e observei que isso acabou gerando mais queda no meu caso e n\u00e3o trouxe o resultado esperado.<\/p>\n\n\n\n<hr class=\"wp-block-separator has-alpha-channel-opacity\"\/>\n\n\n\n<h1 class=\"wp-block-heading has-medium-font-size\">Mitos sobre a queda de cabelo p\u00f3s-parto<\/h1>\n\n\n\n<h3 class=\"wp-block-heading has-medium-font-size\">Vou ficar careca.<\/h3>\n\n\n\n<p class=\"has-medium-font-size\">Muitas mulheres realmente passam pela queda de cabelo ap\u00f3s o parto. Devido a quantidade de cabelo que pode cair esse pensamento pode vir <strong>\u00e0 cabe\u00e7a<\/strong>.<\/p>\n\n\n\n<p class=\"has-medium-font-size\">Mas \u00e9 apenas uma fase e ap\u00f3s alguns meses a queda de cabelo diminui.<\/p>\n\n\n\n<h3 class=\"wp-block-heading has-medium-font-size\">Amamentar faz o cabelo cair.<\/h3>\n\n\n\n<p class=\"has-medium-font-size\">Muitas m\u00e3es acreditam que amamentar faz o cabelo cair, mas isso n\u00e3o \u00e9 totalmente verdade.<\/p>\n\n\n\n<p class=\"has-medium-font-size\">Na maioria dos casos, a queda acontece por causa das mudan\u00e7as hormonais que ocorrem ap\u00f3s o parto.<\/p>\n\n\n\n<p class=\"has-medium-font-size\">Eu tamb\u00e9m tinha essa d\u00favida, mas descobri que essa fase costuma ser passageira e n\u00e3o significa que a amamenta\u00e7\u00e3o seja a culpada.<\/p>\n\n\n\n<h3 class=\"wp-block-heading has-medium-font-size\">Preciso cortar o cabelo.<\/h3>\n\n\n\n<p class=\"has-medium-font-size\">Cortar o cabelo pode aumentar a autoestima e mudar a apar\u00eancia, mas n\u00e3o impede a queda.<\/p>\n\n\n\n<hr class=\"wp-block-separator has-alpha-channel-opacity\"\/>\n\n\n\n<h1 class=\"wp-block-heading has-medium-font-size\">Quando procurar um m\u00e9dico?<\/h1>\n\n\n\n<h3 class=\"wp-block-heading has-medium-font-size\">A queda continua por muitos meses.<\/h3>\n\n\n\n<p class=\"has-medium-font-size\">\u00c9 normal que o cabelo caia por alguns meses depois do parto. Por\u00e9m, se a queda continuar muito intensa por um longo per\u00edodo ou n\u00e3o mostrar sinais de melhora, vale a pena procurar um <strong>dermatologista<\/strong>. Assim, \u00e9 poss\u00edvel verificar se existe alguma outra causa al\u00e9m das mudan\u00e7as do p\u00f3s-parto.<\/p>\n\n\n\n<h3 class=\"wp-block-heading has-medium-font-size\">Surgiram falhas no couro cabeludo.<\/h3>\n\n\n\n<p class=\"has-medium-font-size\">Se, al\u00e9m da queda, voc\u00ea perceber falhas ou \u00e1reas sem cabelo no couro cabeludo, procure um dermatologista. Esse tipo de altera\u00e7\u00e3o n\u00e3o costuma fazer parte da queda normal do <a href=\"https:\/\/prefeitura.sp.gov.br\/web\/saude\/w\/noticias\/214518\" data-type=\"link\" data-id=\"https:\/\/prefeitura.sp.gov.br\/web\/saude\/w\/noticias\/214518\" target=\"_blank\" rel=\"noopener\">p\u00f3s-parto<\/a> e precisa ser avaliado para identificar a causa e iniciar o tratamento, se necess\u00e1rio.<\/p>\n\n\n\n<figure class=\"wp-block-image size-large\"><img loading=\"lazy\" decoding=\"async\" width=\"1024\" height=\"536\" src=\"https:\/\/mundialize.com.br\/wp-content\/uploads\/2026\/07\/queda-cabelo-pos-parto-escova-mundializee-1024x536.webp\" alt=\"Queda de cabelo p\u00f3s-parto: o que toda m\u00e3e precisa saber?\" class=\"wp-image-2605\" srcset=\"https:\/\/mundialize.com.br\/wp-content\/uploads\/2026\/07\/queda-cabelo-pos-parto-escova-mundializee-1024x536.webp 1024w, https:\/\/mundialize.com.br\/wp-content\/uploads\/2026\/07\/queda-cabelo-pos-parto-escova-mundializee-300x157.webp 300w, https:\/\/mundialize.com.br\/wp-content\/uploads\/2026\/07\/queda-cabelo-pos-parto-escova-mundializee-768x402.webp 768w, https:\/\/mundialize.com.br\/wp-content\/uploads\/2026\/07\/queda-cabelo-pos-parto-escova-mundializee-18x9.webp 18w, https:\/\/mundialize.com.br\/wp-content\/uploads\/2026\/07\/queda-cabelo-pos-parto-escova-mundializee.webp 1200w\" sizes=\"auto, (max-width: 1024px) 100vw, 1024px\" \/><figcaption class=\"wp-element-caption\">Foto: (Acervo pessoal\/Mundialize)<\/figcaption><\/figure>\n\n\n\n<h3 class=\"wp-block-heading has-medium-font-size\">A queda veio acompanhada de outros sintomas.<\/h3>\n\n\n\n<p class=\"has-medium-font-size\">Se, al\u00e9m da queda de cabelo, voc\u00ea estiver sentindo muito cansa\u00e7o, perceber mudan\u00e7as na pele ou nas unhas, perder peso sem motivo ou apresentar outros sintomas diferentes, \u00e9 importante procurar um m\u00e9dico. Esses sinais podem indicar que existe outra causa, e uma avalia\u00e7\u00e3o ajuda a identificar o problema e iniciar o tratamento adequado.<\/p>\n\n\n\n<hr class=\"wp-block-separator has-alpha-channel-opacity\"\/>\n\n\n\n<h1 class=\"wp-block-heading has-medium-font-size\">Perguntas frequentes<\/h1>\n\n\n\n<h2 class=\"wp-block-heading has-medium-font-size\">A queda de cabelo p\u00f3s-parto \u00e9 normal?<\/h2>\n\n\n\n<p>Sim. A queda de cabelo ap\u00f3s o parto \u00e9 muito comum e acontece por causa das mudan\u00e7as que o corpo passa depois da gravidez. Na maioria dos casos, ela \u00e9 tempor\u00e1ria.<\/p>\n\n\n\n<h3 class=\"wp-block-heading\">Toda mulher passa por isso?<\/h3>\n\n\n\n<p>N\u00e3o. Algumas mulheres quase n\u00e3o percebem a queda, enquanto outras notam uma quantidade maior de fios caindo. A intensidade varia de uma m\u00e3e para outra.<\/p>\n\n\n\n<h3 class=\"wp-block-heading\">Quanto cabelo \u00e9 normal cair?<\/h3>\n\n\n\n<p>N\u00e3o existe uma quantidade igual para todas as mulheres. \u00c9 comum perceber mais fios caindo durante o banho, ao pentear o cabelo ou no travesseiro nos primeiros meses ap\u00f3s o parto.<\/p>\n\n\n\n<h3 class=\"wp-block-heading\">A amamenta\u00e7\u00e3o piora a queda?<\/h3>\n\n\n\n<p>N\u00e3o necessariamente. A principal causa da queda s\u00e3o as mudan\u00e7as hormonais do p\u00f3s-parto, e n\u00e3o a amamenta\u00e7\u00e3o em si.<\/p>\n\n\n\n<h3 class=\"wp-block-heading\">Posso usar vitaminas?<\/h3>\n\n\n\n<p>Sim, mas somente com orienta\u00e7\u00e3o m\u00e9dica. O profissional poder\u00e1 avaliar se h\u00e1 alguma defici\u00eancia e indicar o suplemento mais adequado para o seu caso.<\/p>\n\n\n\n<h3 class=\"wp-block-heading\">Quando o cabelo volta ao normal?<\/h3>\n\n\n\n<p>Na maioria das mulheres, a queda diminui entre 6 e 12 meses ap\u00f3s o parto. Aos poucos, os fios voltam a crescer e o cabelo recupera seu volume.<\/p>\n\n\n\n<h3 class=\"wp-block-heading\">D\u00e1 para evitar completamente?<\/h3>\n\n\n\n<p class=\"has-medium-font-size\">N\u00e3o. Como a queda faz parte das mudan\u00e7as naturais do p\u00f3s-parto, ela nem sempre pode ser evitada. Por\u00e9m, uma boa alimenta\u00e7\u00e3o e os cuidados com os fios podem ajudar na recupera\u00e7\u00e3o.<\/p>\n\n\n\n<hr class=\"wp-block-separator has-alpha-channel-opacity\"\/>\n\n\n\n<h1 class=\"wp-block-heading has-medium-font-size\">Conclus\u00e3o<\/h1>\n\n\n\n<p class=\"has-medium-font-size\">Quando comecei a ver tanto cabelo caindo, confesso que fiquei muito assustada e achei que havia algo errado comigo. Com o tempo, descobri que essa \u00e9 uma fase comum do p\u00f3s-parto e que, na maioria das vezes, \u00e9 tempor\u00e1ria. Cada mulher passa por essa experi\u00eancia de um jeito, mas, se a queda for muito intensa, durar por muitos meses ou vier acompanhada de outros sintomas, procurar um profissional \u00e9 sempre a melhor decis\u00e3o para cuidar da sua sa\u00fade e ter mais tranquilidade.<\/p>\n\n\n\n<hr class=\"wp-block-separator has-alpha-channel-opacity\"\/>\n\n\n\n<h1 class=\"wp-block-heading has-medium-font-size\">Leia tamb\u00e9m<\/h1>\n\n\n\n<p class=\"has-medium-font-size\"><strong>5 receita caseira para queda de cabelo r\u00e1pido<\/strong><\/p>\n\n\n\n<p class=\"has-medium-font-size\">\ud83d\udc49 Veja algumas receitas caseiras conhecidas para cuidar dos fios e entenda quais cuidados realmente valem a pena.<br><a href=\"https:\/\/mundialize.com.br\/en\/5-receita-caseira-para-queda-de-cabelo-rapido\/\">https:\/\/mundialize.com.br\/pt_br\/5-receita-caseira-para-queda-de-cabelo-rapido\/<\/a><\/p>\n\n\n\n<p class=\"has-medium-font-size\"><strong>Quantas vezes por semana devo lavar o cabelo?<\/strong><\/p>\n\n\n\n<p class=\"has-medium-font-size\">\ud83d\udc49 Descubra qual \u00e9 a frequ\u00eancia mais indicada para manter o couro cabeludo saud\u00e1vel.<br><a href=\"https:\/\/mundialize.com.br\/en\/quantas-vezes-por-semana-devo-lavar-o-cabelo\/\">https:\/\/mundialize.com.br\/pt_br\/quantas-vezes-por-semana-devo-lavar-o-cabelo\/<\/a><\/p>\n\n\n\n<p class=\"has-medium-font-size\"><strong>3 dicas de como hidratar o cabelo em casa<\/strong><\/p>\n\n\n\n<p class=\"has-medium-font-size\">\ud83d\udc49 Conhe\u00e7a cuidados simples que podem ajudar a deixar os fios mais hidratados e bonitos.<br><a href=\"https:\/\/mundialize.com.br\/en\/3-dicas-de-como-hidratar-o-cabelo-em-casa\/\">https:\/\/mundialize.com.br\/pt_br\/3-dicas-de-como-hidratar-o-cabelo-em-casa\/<\/a><\/p>\n\n\n\n<p class=\"has-medium-font-size\"><strong>Breastfeeding burns calories.<\/strong><\/p>\n\n\n\n<p class=\"has-medium-font-size\">\ud83d\udc49 Entenda por que muitas mulheres perdem peso durante a amamenta\u00e7\u00e3o e como isso acontece.<br><a href=\"https:\/\/mundialize.com.br\/en\/por-que-amamentar-emagrece\/\">https:\/\/mundialize.com.br\/pt_br\/por-que-amamentar-emagrece\/<\/a><\/p>\n\n\n\n<p class=\"has-medium-font-size\"><strong>If I had known this before breastfeeding, everything would have been different<\/strong><\/p>\n\n\n\n<p class=\"has-medium-font-size\">\ud83d\udc49 Compartilho os aprendizados que fizeram diferen\u00e7a nos primeiros meses da maternidade.<br><a href=\"https:\/\/mundialize.com.br\/en\/se-eu-soubesse-disso-antes-de-amamentar-tudo-teria-sido-diferente\/\">https:\/\/mundialize.com.br\/pt_br\/se-eu-soubesse-disso-antes-de-amamentar-tudo-teria-sido-diferente\/<\/a><\/p>\n\n\n\n<p class=\"has-medium-font-size\"><strong>Por que a pele escurece na gravidez? 5 motivos<\/strong><\/p>\n\n\n\n<p class=\"has-medium-font-size\">\ud83d\udc49 Descubra por que tantas mudan\u00e7as acontecem na pele durante a gesta\u00e7\u00e3o e quando elas costumam melhorar.<br><a href=\"https:\/\/mundialize.com.br\/en\/por-que-a-pele-escurece-na-gravidez-5-motivos\/\">https:\/\/mundialize.com.br\/pt_br\/por-que-a-pele-escurece-na-gravidez-5-motivos\/<\/a><\/p>\n\n\n\n<hr class=\"wp-block-separator has-alpha-channel-opacity\"\/>\n\n\n\n<h2 class=\"wp-block-heading\"><\/h2>","protected":false},"excerpt":{"rendered":"<p>Descubra por que acontece a queda de cabelo p\u00f3s-parto, quando ela come\u00e7a, quanto tempo dura, o que realmente ajuda e quando \u00e9 importante procurar um m\u00e9dico. Queda de cabelo p\u00f3s-parto: o que toda m\u00e3e precisa saber?<\/p>","protected":false},"author":1,"featured_media":2603,"comment_status":"open","ping_status":"open","sticky":false,"template":"","format":"standard","meta":{"footnotes":""},"categories":[1,166],"tags":[191,190,189],"class_list":["post-2600","post","type-post","status-publish","format-standard","has-post-thumbnail","hentry","category-blog","category-mulher","tag-cabelo-caindo","tag-cabelo-caindo-gravidez","tag-queda-de-cabelo"],"_links":{"self":[{"href":"https:\/\/mundialize.com.br\/en\/wp-json\/wp\/v2\/posts\/2600","targetHints":{"allow":["GET"]}}],"collection":[{"href":"https:\/\/mundialize.com.br\/en\/wp-json\/wp\/v2\/posts"}],"about":[{"href":"https:\/\/mundialize.com.br\/en\/wp-json\/wp\/v2\/types\/post"}],"author":[{"embeddable":true,"href":"https:\/\/mundialize.com.br\/en\/wp-json\/wp\/v2\/users\/1"}],"replies":[{"embeddable":true,"href":"https:\/\/mundialize.com.br\/en\/wp-json\/wp\/v2\/comments?post=2600"}],"version-history":[{"count":7,"href":"https:\/\/mundialize.com.br\/en\/wp-json\/wp\/v2\/posts\/2600\/revisions"}],"predecessor-version":[{"id":2612,"href":"https:\/\/mundialize.com.br\/en\/wp-json\/wp\/v2\/posts\/2600\/revisions\/2612"}],"wp:featuredmedia":[{"embeddable":true,"href":"https:\/\/mundialize.com.br\/en\/wp-json\/wp\/v2\/media\/2603"}],"wp:attachment":[{"href":"https:\/\/mundialize.com.br\/en\/wp-json\/wp\/v2\/media?parent=2600"}],"wp:term":[{"taxonomy":"category","embeddable":true,"href":"https:\/\/mundialize.com.br\/en\/wp-json\/wp\/v2\/categories?post=2600"},{"taxonomy":"post_tag","embeddable":true,"href":"https:\/\/mundialize.com.br\/en\/wp-json\/wp\/v2\/tags?post=2600"}],"curies":[{"name":"wp","href":"https:\/\/api.w.org\/{rel}","templated":true}]}}