{"id":2631,"date":"2026-07-31T18:15:08","date_gmt":"2026-07-31T21:15:08","guid":{"rendered":"https:\/\/mundialize.com.br\/?p=2631"},"modified":"2026-08-07T00:50:30","modified_gmt":"2026-08-07T03:50:30","slug":"meu-bebe-so-dorme-no-colo","status":"publish","type":"post","link":"https:\/\/mundialize.com.br\/en\/meu-bebe-so-dorme-no-colo\/","title":{"rendered":"Meu beb\u00ea s\u00f3 dorme no colo: descobri o motivo e o que realmente funcionou comigo"},"content":{"rendered":"<hr class=\"wp-block-separator has-alpha-channel-opacity\"\/>\n\n\n\n<h2 class=\"wp-block-heading\">Meu beb\u00ea s\u00f3 dorme no colo: descobri o motivo e o que realmente funcionou comigo<\/h2>\n\n\n\n<p>Meu beb\u00ea s\u00f3 dorme no colo: descobri o motivo e o que realmente funcionou comigo<\/p>\n\n\n\n<p>Isso \u00e9 uma das coisas que mais me causaram d\u00favidas na maternidade, principalmente agora que meu beb\u00ea est\u00e1 perto de completar seis meses.<\/p>\n\n\n\n<p>Quando ele tinha cerca de tr\u00eas meses, come\u00e7ou a apresentar um comportamento que, acredito, muitas m\u00e3es tamb\u00e9m conhecem bem: ele s\u00f3 queria dormir no colo, principalmente durante a amamenta\u00e7\u00e3o.<\/p>\n\n\n\n<p>Aqui em casa a amamenta\u00e7\u00e3o \u00e9 em livre demanda. Ent\u00e3o, quando ele est\u00e1 com sono, come\u00e7a a procurar o peito e, poucos minutos depois, acaba adormecendo mamando.<\/p>\n\n\n\n<p>Sendo sincera, desde que meu filho nasceu, consigo contar nos dedos as vezes em que ele pegou no sono sem estar mamando.<\/p>\n\n\n\n<p>Lembro que uma dessas vezes aconteceu durante um passeio de carro. Com o movimento suave do ve\u00edculo, ele acabou adormecendo naturalmente.<\/p>\n\n\n\n<p>Mas existia uma situa\u00e7\u00e3o que se repetia quase todos os dias e me deixava bastante cansada.<\/p>\n\n\n\n<p>Depois que ele dormia no meu colo, eu tentava coloc\u00e1-lo no ber\u00e7o ou na cama com todo o cuidado do mundo. Bastava encostar no colch\u00e3o para ele acordar.<\/p>\n\n\n\n<p>E a\u00ed tudo come\u00e7ava novamente.<\/p>\n\n\n\n<p>Eu precisava peg\u00e1-lo no colo, acalm\u00e1-lo e ajud\u00e1-lo a dormir outra vez.<\/p>\n\n\n\n<p>Foi nesse momento que comecei a pesquisar mais sobre o assunto. Eu queria entender se aquilo era normal e descobrir uma forma de ajud\u00e1-lo a dormir no ber\u00e7o sem precisar ficar no colo o tempo todo.<\/p>\n\n\n\n<p>Se voc\u00ea tamb\u00e9m est\u00e1 passando por isso, saiba que n\u00e3o est\u00e1 sozinha.<\/p>\n\n\n\n<p>A boa not\u00edcia \u00e9 que, na maioria dos casos, \u00e9 perfeitamente normal o beb\u00ea s\u00f3 querer dormir no colo, principalmente nos primeiros meses de vida. Isso costuma estar relacionado \u00e0 necessidade de aconchego, adapta\u00e7\u00e3o ao mundo fora do \u00fatero, sono imaturo e busca por seguran\u00e7a.<\/p>\n\n\n\n<p>Ao longo deste artigo vou compartilhar tudo o que aprendi, o que realmente funcionou comigo e quando esse comportamento merece aten\u00e7\u00e3o.<\/p>\n\n\n\n<hr class=\"wp-block-separator has-alpha-channel-opacity\"\/>\n\n\n\n<h2 class=\"wp-block-heading\">Resumo do artigo (para quem est\u00e1 com pressa)<\/h2>\n\n\n\n<p>\u2714 Meu beb\u00ea s\u00f3 dorme no colo: isso \u00e9 normal?<\/p>\n\n\n\n<p>\u2714 Por que alguns beb\u00eas s\u00f3 conseguem dormir no colo?<\/p>\n\n\n\n<p>\u2714 At\u00e9 que idade isso costuma acontecer?<\/p>\n\n\n\n<p>\u2714 O que realmente funcionou comigo.<\/p>\n\n\n\n<p>\u2714 Quando procurar o pediatra.<\/p>\n\n\n\n<p>\u2714 O que evitar nessa fase.<\/p>\n\n\n\n<hr class=\"wp-block-separator has-alpha-channel-opacity\"\/>\n\n\n\n<h1 class=\"wp-block-heading\">Como descobri que meu beb\u00ea s\u00f3 queria dormir no colo<\/h1>\n\n\n\n<p>Comecei a perceber esse comportamento por volta dos tr\u00eas meses.<\/p>\n\n\n\n<p>Ele adormecia tranquilamente no meu colo, mas bastava eu tentar coloc\u00e1-lo na cama ou no ber\u00e7o para acordar quase imediatamente.<\/p>\n\n\n\n<p>O mais curioso era que isso acontecia mesmo quando ele estava claramente cansado.<\/p>\n\n\n\n<p>Muitas vezes eu esperava v\u00e1rios minutos para ter certeza de que ele estava dormindo profundamente, mas ainda assim ele acordava durante a transfer\u00eancia para o ber\u00e7o.<\/p>\n\n\n\n<p>E o \u00fanico jeito de faz\u00ea-lo dormir novamente era pegando-o no colo mais uma vez.<\/p>\n\n\n\n<p>Com o passar dos dias, percebi que aquilo n\u00e3o era algo isolado. Era um padr\u00e3o.<\/p>\n\n\n\n<p>Foi ent\u00e3o que comecei a buscar informa\u00e7\u00f5es para entender por que tantos beb\u00eas passam por essa fase.<\/p>\n\n\n\n<hr class=\"wp-block-separator has-alpha-channel-opacity\"\/>\n\n\n\n<h1 class=\"wp-block-heading\">Meu beb\u00ea s\u00f3 dorme no colo: isso \u00e9 normal?<\/h1>\n\n\n\n<p>Sim, na maioria dos casos isso \u00e9 completamente normal.<\/p>\n\n\n\n<p>Os beb\u00eas nascem acostumados ao calor, ao movimento e aos sons que ouviam dentro da barriga da m\u00e3e. Quando chegam ao mundo, precisam se adaptar a um ambiente totalmente diferente.<\/p>\n\n\n\n<p>Por isso, o colo costuma representar tudo aquilo que transmite conforto, seguran\u00e7a e prote\u00e7\u00e3o.<\/p>\n\n\n\n<p>Existem alguns motivos que ajudam a explicar esse comportamento.<\/p>\n\n\n\n<h2 class=\"wp-block-heading\">O sono do rec\u00e9m-nascido ainda \u00e9 imaturo<\/h2>\n\n\n\n<p>Durante os primeiros meses, o sono do beb\u00ea \u00e9 muito diferente do sono de um adulto.<\/p>\n\n\n\n<p>Aqui em casa, essa fase foi relativamente tranquila. Meu beb\u00ea dormia bastante durante o dia e tamb\u00e9m descansava melhor \u00e0 noite.<\/p>\n\n\n\n<p>Mas conforme foi crescendo, come\u00e7ou a ficar mais atento ao ambiente e passou a precisar de mais ajuda para pegar no sono.<\/p>\n\n\n\n<p>Cada beb\u00ea \u00e9 \u00fanico, mas essa mudan\u00e7a costuma acontecer com muitas fam\u00edlias.<\/p>\n\n\n\n<h2 class=\"wp-block-heading\">O beb\u00ea ainda est\u00e1 se adaptando ao ambiente<\/h2>\n\n\n\n<p>Uma das coisas que aprendi \u00e9 que os beb\u00eas dormem melhor quando se sentem confort\u00e1veis.<\/p>\n\n\n\n<p>Normalmente eles conseguem relaxar com mais facilidade quando:<\/p>\n\n\n\n<ul class=\"wp-block-list\">\n<li>O ambiente est\u00e1 calmo.<\/li>\n\n\n\n<li>A ilumina\u00e7\u00e3o est\u00e1 suave.<\/li>\n\n\n\n<li>A temperatura est\u00e1 agrad\u00e1vel.<\/li>\n\n\n\n<li>Est\u00e3o alimentados.<\/li>\n\n\n\n<li>Sentem-se acolhidos e seguros.<\/li>\n<\/ul>\n\n\n\n<p>Pequenas mudan\u00e7as no ambiente podem fazer bastante diferen\u00e7a na qualidade do sono.<\/p>\n\n\n\n<h2 class=\"wp-block-heading\">O colo transmite seguran\u00e7a<\/h2>\n\n\n\n<p>O colo \u00e9 muito mais do que apenas um lugar para dormir.<\/p>\n\n\n\n<p>Quando a m\u00e3e abra\u00e7a o beb\u00ea, ele sente calor, prote\u00e7\u00e3o e proximidade. Isso ajuda o corpo dele a relaxar e facilita o processo de adormecer.<\/p>\n\n\n\n<p>Por isso, muitos beb\u00eas procuram o colo justamente nos momentos em que est\u00e3o cansados, assustados ou precisando de conforto.<\/p>\n\n\n\n<h2 class=\"wp-block-heading\">O cheiro da m\u00e3e ajuda a acalmar<\/h2>\n\n\n\n<p>Essa \u00e9 uma coisa que percebo com frequ\u00eancia aqui em casa.<\/p>\n\n\n\n<p>\u00c0s vezes meu beb\u00ea est\u00e1 agitado no colo de outra pessoa, mas basta eu peg\u00e1-lo e abra\u00e7\u00e1-lo para que ele se acalme rapidamente.<\/p>\n\n\n\n<p>O cheiro da m\u00e3e \u00e9 familiar para o beb\u00ea desde o nascimento e pode transmitir uma sensa\u00e7\u00e3o de seguran\u00e7a muito grande.<\/p>\n\n\n\n<h2 class=\"wp-block-heading\">Os batimentos card\u00edacos trazem conforto<\/h2>\n\n\n\n<p>Imagine que durante aproximadamente nove meses o beb\u00ea ouviu constantemente os batimentos do cora\u00e7\u00e3o da m\u00e3e.<\/p>\n\n\n\n<p>Quando ele fica pr\u00f3ximo ao peito, volta a ouvir um som que j\u00e1 conhece muito bem.<\/p>\n\n\n\n<p>Isso pode ajudar a reduzir a agita\u00e7\u00e3o, aumentar a sensa\u00e7\u00e3o de seguran\u00e7a e facilitar o sono.<\/p>\n\n\n\n<figure class=\"wp-block-image size-large\"><img loading=\"lazy\" decoding=\"async\" width=\"1024\" height=\"536\" src=\"https:\/\/mundialize.com.br\/wp-content\/uploads\/2026\/07\/Meu-bebe-so-dorme-no-colo-descobri-o-motivo-e-o-que-realmente-funcionou-comigocomigo-mundialize-1024x536.webp\" alt=\"Meu beb\u00ea s\u00f3 dorme no colo: descobri o motivo e o que realmente funcionou comigo\" class=\"wp-image-2637\" srcset=\"https:\/\/mundialize.com.br\/wp-content\/uploads\/2026\/07\/Meu-bebe-so-dorme-no-colo-descobri-o-motivo-e-o-que-realmente-funcionou-comigocomigo-mundialize-1024x536.webp 1024w, https:\/\/mundialize.com.br\/wp-content\/uploads\/2026\/07\/Meu-bebe-so-dorme-no-colo-descobri-o-motivo-e-o-que-realmente-funcionou-comigocomigo-mundialize-300x157.webp 300w, https:\/\/mundialize.com.br\/wp-content\/uploads\/2026\/07\/Meu-bebe-so-dorme-no-colo-descobri-o-motivo-e-o-que-realmente-funcionou-comigocomigo-mundialize-768x402.webp 768w, https:\/\/mundialize.com.br\/wp-content\/uploads\/2026\/07\/Meu-bebe-so-dorme-no-colo-descobri-o-motivo-e-o-que-realmente-funcionou-comigocomigo-mundialize-1536x803.webp 1536w, https:\/\/mundialize.com.br\/wp-content\/uploads\/2026\/07\/Meu-bebe-so-dorme-no-colo-descobri-o-motivo-e-o-que-realmente-funcionou-comigocomigo-mundialize-18x9.webp 18w, https:\/\/mundialize.com.br\/wp-content\/uploads\/2026\/07\/Meu-bebe-so-dorme-no-colo-descobri-o-motivo-e-o-que-realmente-funcionou-comigocomigo-mundialize.webp 1734w\" sizes=\"auto, (max-width: 1024px) 100vw, 1024px\" \/><figcaption class=\"wp-element-caption\">Fonte: (Acervo pessoal: Mundialize)<\/figcaption><\/figure>\n\n\n\n<hr class=\"wp-block-separator has-alpha-channel-opacity\"\/>\n\n\n\n<h1 class=\"wp-block-heading\">8 motivos pelos quais o beb\u00ea s\u00f3 dorme no colo<\/h1>\n\n\n\n<p>Depois de pesquisar bastante e observar meu pr\u00f3prio filho, percebi que existem v\u00e1rios motivos que podem explicar por que um beb\u00ea s\u00f3 quer dormir no colo.<\/p>\n\n\n\n<p>Esses foram os principais que descobri.<\/p>\n\n\n\n<h2 class=\"wp-block-heading\">1. O colo lembra o ambiente da barriga<\/h2>\n\n\n\n<p>Durante aproximadamente nove meses, o beb\u00ea ficou protegido dentro da barriga da m\u00e3e, ouvindo os batimentos card\u00edacos, sentindo o calor do corpo e sendo embalado pelos movimentos do dia a dia.<\/p>\n\n\n\n<p>Quando est\u00e1 no colo, ele encontra sensa\u00e7\u00f5es muito parecidas. Por isso, muitos beb\u00eas relaxam mais r\u00e1pido e conseguem pegar no sono com mais facilidade.<\/p>\n\n\n\n<h2 class=\"wp-block-heading\">2. O beb\u00ea se sente protegido<\/h2>\n\n\n\n<p>O colo transmite seguran\u00e7a.<\/p>\n\n\n\n<p>Quando o beb\u00ea est\u00e1 cansado, assustado ou precisa de conforto, \u00e9 natural que procure justamente o lugar onde se sente mais protegido: os bra\u00e7os da m\u00e3e ou de quem cuida dele.<\/p>\n\n\n\n<h2 class=\"wp-block-heading\">3. O sono ainda \u00e9 imaturo<\/h2>\n\n\n\n<p>Nos primeiros meses, o sono do beb\u00ea passa por v\u00e1rias mudan\u00e7as.<\/p>\n\n\n\n<p>\u00c9 comum que ele acorde com facilidade entre um ciclo de sono e outro. Quando isso acontece, o colo ajuda a acalm\u00e1-lo e a voltar a dormir mais rapidamente.<\/p>\n\n\n\n<h2 class=\"wp-block-heading\">4. Salto de desenvolvimento<\/h2>\n\n\n\n<p>Os saltos de desenvolvimento podem deixar o beb\u00ea mais sens\u00edvel e carente.<\/p>\n\n\n\n<p>Nessas fases, ele aprende novas habilidades e percebe melhor o ambiente ao seu redor. Como consequ\u00eancia, pode buscar mais contato f\u00edsico e querer ficar mais tempo no colo.<\/p>\n\n\n\n<h2 class=\"wp-block-heading\">5. C\u00f3lica<\/h2>\n\n\n\n<p>A c\u00f3lica pode ser um dos motivos pelos quais o beb\u00ea s\u00f3 consegue relaxar no colo.<\/p>\n\n\n\n<p>O calor do corpo da m\u00e3e, os movimentos suaves e a posi\u00e7\u00e3o mais aconchegante ajudam muitos beb\u00eas a se sentirem melhor durante essa fase.<\/p>\n\n\n\n<h2 class=\"wp-block-heading\">6. Refluxo<\/h2>\n\n\n\n<p>Alguns beb\u00eas sentem mais conforto quando ficam em posi\u00e7\u00e3o vertical ap\u00f3s as mamadas.<\/p>\n\n\n\n<p>Por isso, podem preferir dormir no colo, principalmente quando apresentam epis\u00f3dios de refluxo ou desconforto ap\u00f3s se alimentar.<\/p>\n\n\n\n<h2 class=\"wp-block-heading\">7. Associa\u00e7\u00e3o do sono<\/h2>\n\n\n\n<p>Com o passar dos dias, o beb\u00ea pode associar o colo ao momento de dormir.<\/p>\n\n\n\n<p>Ele percebe que sempre adormece dessa forma e passa a entender que aquele \u00e9 o ambiente mais seguro para pegar no sono.<\/p>\n\n\n\n<h2 class=\"wp-block-heading\">8. Necessidade de contato<\/h2>\n\n\n\n<p>O contato f\u00edsico \u00e9 uma necessidade natural dos beb\u00eas.<\/p>\n\n\n\n<p>Principalmente nos primeiros meses, eles precisam de proximidade, carinho e acolhimento para se sentirem seguros e tranquilos.<\/p>\n\n\n\n<hr class=\"wp-block-separator has-alpha-channel-opacity\"\/>\n\n\n\n<h1 class=\"wp-block-heading\">At\u00e9 que idade isso costuma acontecer?<\/h1>\n\n\n\n<p>Uma das d\u00favidas que eu mais tinha era: at\u00e9 quando meu beb\u00ea vai querer dormir no colo?<\/p>\n\n\n\n<p>A verdade \u00e9 que cada crian\u00e7a tem seu pr\u00f3prio ritmo, mas algumas fases s\u00e3o mais comuns.<\/p>\n\n\n\n<h2 class=\"wp-block-heading\">Rec\u00e9m-nascido<\/h2>\n\n\n\n<p>Nos primeiros dias e semanas de vida, \u00e9 muito comum o beb\u00ea querer dormir no colo quase o tempo todo.<\/p>\n\n\n\n<p>Ele ainda est\u00e1 se adaptando ao mundo fora da barriga e busca seguran\u00e7a constantemente.<\/p>\n\n\n\n<h2 class=\"wp-block-heading\">De 1 a 3 meses<\/h2>\n\n\n\n<p>Nessa fase, muitos beb\u00eas continuam precisando bastante de colo para relaxar.<\/p>\n\n\n\n<p>Eles come\u00e7am a ficar mais atentos ao ambiente, mas ainda dependem muito do contato f\u00edsico para se sentirem seguros.<\/p>\n\n\n\n<h2 class=\"wp-block-heading\">De 4 a 6 meses<\/h2>\n\n\n\n<p>Foi exatamente nessa fase que percebi essa necessidade aumentar aqui em casa.<\/p>\n\n\n\n<p>O beb\u00ea passa por mudan\u00e7as importantes no desenvolvimento, fica mais curioso e pode acordar com mais facilidade durante os cochilos.<\/p>\n\n\n\n<h2 class=\"wp-block-heading\">Depois dos 6 meses<\/h2>\n\n\n\n<p>Muitos beb\u00eas come\u00e7am a aceitar melhor o ber\u00e7o e conseguem adormecer com menos ajuda.<\/p>\n\n\n\n<p>Mesmo assim, ainda podem existir fases em que o colo volta a ser necess\u00e1rio, especialmente durante saltos de desenvolvimento, denti\u00e7\u00e3o ou per\u00edodos de maior necessidade emocional.<\/p>\n\n\n\n<hr class=\"wp-block-separator has-alpha-channel-opacity\"\/>\n\n\n\n<h1 class=\"wp-block-heading\">O que realmente funcionou comigo<\/h1>\n\n\n\n<figure class=\"wp-block-image size-large\"><img loading=\"lazy\" decoding=\"async\" width=\"1024\" height=\"536\" src=\"https:\/\/mundialize.com.br\/wp-content\/uploads\/2026\/07\/bebe-so-dorme-no-colo-mundialize-1024x536.webp\" alt=\"Meu beb\u00ea s\u00f3 dorme no colo: descobri o motivo e o que realmente funcionou comigo\" class=\"wp-image-2638\" srcset=\"https:\/\/mundialize.com.br\/wp-content\/uploads\/2026\/07\/bebe-so-dorme-no-colo-mundialize-1024x536.webp 1024w, https:\/\/mundialize.com.br\/wp-content\/uploads\/2026\/07\/bebe-so-dorme-no-colo-mundialize-300x157.webp 300w, https:\/\/mundialize.com.br\/wp-content\/uploads\/2026\/07\/bebe-so-dorme-no-colo-mundialize-768x402.webp 768w, https:\/\/mundialize.com.br\/wp-content\/uploads\/2026\/07\/bebe-so-dorme-no-colo-mundialize-1536x803.webp 1536w, https:\/\/mundialize.com.br\/wp-content\/uploads\/2026\/07\/bebe-so-dorme-no-colo-mundialize-18x9.webp 18w, https:\/\/mundialize.com.br\/wp-content\/uploads\/2026\/07\/bebe-so-dorme-no-colo-mundialize.webp 1734w\" sizes=\"auto, (max-width: 1024px) 100vw, 1024px\" \/><figcaption class=\"wp-element-caption\">Fonte: (Acervo pessoal: Mundialize)<\/figcaption><\/figure>\n\n\n\n<p>Essas foram algumas coisas que me ajudaram bastante nessa fase.<\/p>\n\n\n\n<h2 class=\"wp-block-heading\">Eu n\u00e3o tentava colocar no ber\u00e7o imediatamente<\/h2>\n\n\n\n<p>Uma das coisas que aprendi foi n\u00e3o ter pressa.<\/p>\n\n\n\n<p>Antes, eu tentava colocar meu beb\u00ea no ber\u00e7o assim que ele fechava os olhos. Quase sempre ele acordava.<\/p>\n\n\n\n<p>Passei a esperar um pouco mais e percebi que isso fazia toda a diferen\u00e7a.<\/p>\n\n\n\n<h2 class=\"wp-block-heading\">Eu esperava o sono ficar profundo<\/h2>\n\n\n\n<p>Essa foi uma das estrat\u00e9gias que mais funcionaram comigo.<\/p>\n\n\n\n<p>Depois que ele dormia, eu continuava alguns minutos com ele no colo. Muitas vezes segurava sua m\u00e3ozinha ou fazia um carinho suave na barriga e nos cabelinhos.<\/p>\n\n\n\n<p>Quando percebia que ele estava realmente relaxado, fazia a transfer\u00eancia para o ber\u00e7o com muito mais sucesso.<\/p>\n\n\n\n<h2 class=\"wp-block-heading\">Eu usava ru\u00eddo branco<\/h2>\n\n\n\n<p>Confesso que eu n\u00e3o acreditava muito no ru\u00eddo branco.<\/p>\n\n\n\n<p>Mas quando comecei a usar, percebi que ajudava bastante.<\/p>\n\n\n\n<p>Os sons suaves mascaravam barulhos externos, como conversas, carros e outros ru\u00eddos da casa, facilitando o sono do meu beb\u00ea.<\/p>\n\n\n\n<h2 class=\"wp-block-heading\">Eu mantinha o quarto mais escuro<\/h2>\n\n\n\n<p>Aqui em casa isso faz muita diferen\u00e7a.<\/p>\n\n\n\n<p>Quando o ambiente est\u00e1 muito claro, meu filho demora mais para pegar no sono.<\/p>\n\n\n\n<p>Por isso, deixo o quarto mais escuro e com poucos est\u00edmulos visuais.<\/p>\n\n\n\n<h2 class=\"wp-block-heading\">Eu fazia o beb\u00ea arrotar antes de dormir<\/h2>\n\n\n\n<p>Muitas vezes o desconforto n\u00e3o era sono, mas gases.<\/p>\n\n\n\n<p>Percebi que quando ele arrotava bem antes de dormir, conseguia descansar por mais tempo e acordava menos.<\/p>\n\n\n\n<h2 class=\"wp-block-heading\">Eu observava se era fome<\/h2>\n\n\n\n<p>Nem sempre o que parece sono \u00e9 realmente sono.<\/p>\n\n\n\n<p>Algumas vezes meu beb\u00ea procurava o peito porque ainda estava com fome.<\/p>\n\n\n\n<p>Por isso, antes de insistir no sono, eu verificava se ele estava realmente satisfeito.<\/p>\n\n\n\n<h2 class=\"wp-block-heading\">Eu n\u00e3o insistia quando percebia desconforto<\/h2>\n\n\n\n<p>Essa foi uma das li\u00e7\u00f5es mais importantes para mim.<\/p>\n\n\n\n<p>Quando percebia que ele n\u00e3o estava pronto para dormir, eu evitava insistir.<\/p>\n\n\n\n<p>Muitas vezes bastavam alguns minutos extras de colo e carinho para que ele relaxasse naturalmente.<\/p>\n\n\n\n<hr class=\"wp-block-separator has-alpha-channel-opacity\"\/>\n\n\n\n<h1 class=\"wp-block-heading\">O que piorava a situa\u00e7\u00e3o<\/h1>\n\n\n\n<p>Tamb\u00e9m percebi algumas coisas que tornavam o sono mais dif\u00edcil.<\/p>\n\n\n\n<p>Mudan\u00e7as frequentes na rotina.<\/p>\n\n\n\n<p>Excesso de est\u00edmulos antes de dormir.<\/p>\n\n\n\n<p>Tentar colocar no ber\u00e7o cedo demais.<\/p>\n\n\n\n<p>Ambiente muito claro.<\/p>\n\n\n\n<p>Temperatura muito quente.<\/p>\n\n\n\n<p>Temperatura muito fria.<\/p>\n\n\n\n<p>Roupas desconfort\u00e1veis.<\/p>\n\n\n\n<p>Barulhos excessivos.<\/p>\n\n\n\n<hr class=\"wp-block-separator has-alpha-channel-opacity\"\/>\n\n\n\n<h2 class=\"wp-block-heading\">Perguntas frequentes (FAQ)<\/h2>\n\n\n\n<h3 class=\"wp-block-heading\">Meu beb\u00ea s\u00f3 dorme no colo e acorda quando coloco no ber\u00e7o. O que fazer?<\/h3>\n\n\n\n<p>Isso \u00e9 muito comum, especialmente nos primeiros meses. Tente esperar o beb\u00ea entrar em sono profundo antes de coloc\u00e1-lo no ber\u00e7o e fa\u00e7a a transfer\u00eancia com movimentos suaves.<\/p>\n\n\n\n<h3 class=\"wp-block-heading\">O beb\u00ea pode acostumar com colo?<\/h3>\n\n\n\n<p>Nos primeiros meses, n\u00e3o h\u00e1 evid\u00eancias de que o colo cause depend\u00eancia emocional prejudicial. O colo atende a uma necessidade natural de seguran\u00e7a e acolhimento.<\/p>\n\n\n\n<h3 class=\"wp-block-heading\">Dormir no colo faz mal?<\/h3>\n\n\n\n<p>N\u00e3o. O colo oferece conforto e ajuda muitos beb\u00eas a relaxarem. Apenas evite dormir em sof\u00e1s ou poltronas com o beb\u00ea por quest\u00f5es de seguran\u00e7a.<\/p>\n\n\n\n<h3 class=\"wp-block-heading\">At\u00e9 que idade isso \u00e9 normal?<\/h3>\n\n\n\n<p>\u00c9 mais comum entre o nascimento e os seis meses, mas alguns beb\u00eas podem precisar de mais contato por per\u00edodos maiores. Cada crian\u00e7a tem seu pr\u00f3prio ritmo.<\/p>\n\n\n\n<h3 class=\"wp-block-heading\">Como fazer a transi\u00e7\u00e3o para o ber\u00e7o?<\/h3>\n\n\n\n<p>Fa\u00e7a mudan\u00e7as graduais. Comece colocando o beb\u00ea no ber\u00e7o quando estiver sonolento, mas ainda acordado, sempre respeitando seu tempo de adapta\u00e7\u00e3o.<\/p>\n\n\n\n<h3 class=\"wp-block-heading\">O beb\u00ea s\u00f3 dorme mamando. Isso \u00e9 normal?<\/h3>\n\n\n\n<p>Sim. A suc\u00e7\u00e3o e a proximidade da m\u00e3e ajudam o beb\u00ea a relaxar. \u00c9 um comportamento bastante comum, especialmente nos primeiros meses.<\/p>\n\n\n\n<h3 class=\"wp-block-heading\">O beb\u00ea dorme no colo durante o dia e \u00e0 noite n\u00e3o. Por qu\u00ea?<\/h3>\n\n\n\n<p>Durante o dia existem mais est\u00edmulos, ru\u00eddos e movimenta\u00e7\u00e3o. Muitos beb\u00eas procuram mais contato f\u00edsico para conseguir relaxar e dormir.<\/p>\n\n\n\n<h3 class=\"wp-block-heading\">Posso deixar o beb\u00ea dormir no colo?<\/h3>\n\n\n\n<p>Pode, desde que voc\u00ea esteja acordada e em um ambiente seguro. O importante \u00e9 garantir que o beb\u00ea durma em uma posi\u00e7\u00e3o adequada e protegida.<\/p>\n\n\n\n<h3 class=\"wp-block-heading\">O beb\u00ea rejeita o ber\u00e7o. O que fazer?<\/h3>\n\n\n\n<p>Verifique se o ambiente est\u00e1 confort\u00e1vel, com temperatura agrad\u00e1vel e poucos est\u00edmulos. Muitas vezes a rejei\u00e7\u00e3o diminui conforme o beb\u00ea amadurece.<\/p>\n\n\n\n<h3 class=\"wp-block-heading\">O beb\u00ea s\u00f3 dorme comigo. Isso \u00e9 normal?<\/h3>\n\n\n\n<p>Sim, principalmente nos primeiros meses. O beb\u00ea reconhece o cheiro, a voz e o calor da m\u00e3e, o que transmite seguran\u00e7a e conforto.<\/p>\n\n\n\n<hr class=\"wp-block-separator has-alpha-channel-opacity\"\/>\n\n\n\n<h2 class=\"wp-block-heading\">Conclus\u00e3o<\/h2>\n\n\n\n<p>Se voc\u00ea pesquisou &#8220;<a href=\"https:\/\/www.tuasaude.com\/\" data-type=\"link\" data-id=\"https:\/\/www.tuasaude.com\/\" target=\"_blank\" rel=\"noopener\">meu beb\u00ea s\u00f3 dorme no colo<\/a>&#8220;, provavelmente est\u00e1 vivendo uma fase cansativa e cheia de d\u00favidas. Eu tamb\u00e9m passei por isso e, durante muito tempo, achei que estava fazendo algo errado.<\/p>\n\n\n\n<p>Com o passar dos meses, percebi que meu beb\u00ea n\u00e3o precisava de menos colo. Na verdade, ele precisava exatamente do que eu estava oferecendo: <a href=\"https:\/\/www.sbp.com.br\/fileadmin\/user_upload\/23196c-DC_Higiene_do_Sono_-_Atualizacao_2021.pdf\" data-type=\"link\" data-id=\"https:\/\/www.sbp.com.br\/fileadmin\/user_upload\/23196c-DC_Higiene_do_Sono_-_Atualizacao_2021.pdf\" target=\"_blank\" rel=\"noopener\"><mark style=\"background-color:rgba(0, 0, 0, 0)\" class=\"has-inline-color has-vivid-cyan-blue-color\">acolhimento<\/mark><\/a>, seguran\u00e7a e amor.<\/p>\n\n\n\n<p>Cada beb\u00ea tem seu pr\u00f3prio tempo para ganhar confian\u00e7a e aceitar dormir sozinho. Para alguns, isso acontece rapidamente. Para outros, leva um pouco mais de tempo. E tudo bem.<\/p>\n\n\n\n<p>O mais importante \u00e9 lembrar que essa fase costuma passar naturalmente \u00e0 medida que o beb\u00ea cresce, amadurece e se sente mais seguro. Enquanto isso, tente n\u00e3o se cobrar tanto. Voc\u00ea n\u00e3o est\u00e1 criando um problema. Est\u00e1 apenas atendendo uma necessidade que faz parte do desenvolvimento do seu filho.<\/p>\n\n\n\n<p>E acredite: um dia voc\u00ea vai olhar para tr\u00e1s e perceber que aqueles cochilos no colo, que pareciam t\u00e3o cansativos, tamb\u00e9m se transformaram em algumas das mem\u00f3rias mais especiais da maternidade.<\/p>\n\n\n\n<hr class=\"wp-block-separator has-alpha-channel-opacity\"\/>\n\n\n\n<h1 class=\"wp-block-heading has-medium-font-size\">LEIA TAMB\u00c9M<\/h1>\n\n\n\n<p>Se voc\u00ea est\u00e1 passando por essa fase, estes outros artigos podem ajudar bastante:<\/p>\n\n\n\n<p>\ud83d\udc49 <strong>Is it normal for a baby to strain? I found out that this is more common than I imagined.<\/strong><\/p>\n\n\n\n<p><a href=\"https:\/\/mundialize.com.br\/en\/bebe-fazendo-forca-e-normal-descobri-que-isso-era-mais-comum-do-que-imaginava\/\">https:\/\/mundialize.com.br\/pt_br\/bebe-fazendo-forca-e-normal-descobri-que-isso-era-mais-comum-do-que-imaginava\/<\/a><\/p>\n\n\n\n<p>\ud83d\udc49 <strong>Os 5 alimentos que mais deram c\u00f3lica no meu beb\u00ea<\/strong><br><a href=\"https:\/\/mundialize.com.br\/en\/os-5-alimentos-que-mais-deram-colica-no-meu-bebe\/\">https:\/\/mundialize.com.br\/pt_br\/os-5-alimentos-que-mais-deram-colica-no-meu-bebe\/<\/a><\/p>\n\n\n\n<p>\ud83d\udc49 <strong>If I had known this before breastfeeding, everything would have been different<\/strong><br><a href=\"https:\/\/mundialize.com.br\/en\/se-eu-soubesse-disso-antes-de-amamentar-tudo-teria-sido-diferente\/\">https:\/\/mundialize.com.br\/pt_br\/se-eu-soubesse-disso-antes-de-amamentar-tudo-teria-sido-diferente\/<\/a><\/p>\n\n\n\n<p>\ud83d\udc49 <strong>Por que amamentar emagrece? O que descobri durante a maternidade<\/strong><br><a href=\"https:\/\/mundialize.com.br\/en\/por-que-amamentar-emagrece\/\">https:\/\/mundialize.com.br\/pt_br\/por-que-amamentar-emagrece\/<\/a><\/p>\n\n\n\n<p>\ud83d\udc49 <strong>Por que o beb\u00ea chora quando nasce? 4 motivos que eu n\u00e3o conhecia<\/strong><br><a href=\"https:\/\/mundialize.com.br\/en\/porque-o-bebe-chora-quando-nasce-4-motivos\/\">https:\/\/mundialize.com.br\/pt_br\/porque-o-bebe-chora-quando-nasce-4-motivos\/<\/a><\/p>\n\n\n\n<p>\ud83d\udc49 <strong>Quantas fraldas um rec\u00e9m-nascido usa por dia? Guia completo para m\u00e3es de primeira viagem<\/strong><br><a href=\"https:\/\/mundialize.com.br\/en\/quantas-fraldas-um-recem-nascido-usa-por-dia\/\">https:\/\/mundialize.com.br\/pt_br\/quantas-fraldas-um-recem-nascido-usa-por-dia\/<\/a><\/p>\n\n\n\n<h2 class=\"wp-block-heading\"><\/h2>","protected":false},"excerpt":{"rendered":"<p>Meu beb\u00ea s\u00f3 dorme no colo? Descobri os motivos por tr\u00e1s desse comportamento e o que realmente funcionou para ajudar meu beb\u00ea a dormir melhor. Meu beb\u00ea s\u00f3 dorme no colo: descobri o motivo e o que realmente funcionou comigo<\/p>","protected":false},"author":1,"featured_media":2634,"comment_status":"open","ping_status":"open","sticky":false,"template":"","format":"standard","meta":{"footnotes":""},"categories":[1,168],"tags":[192],"class_list":["post-2631","post","type-post","status-publish","format-standard","has-post-thumbnail","hentry","category-blog","category-maternidade","tag-meu-bebe-so-dorme-no-colo"],"_links":{"self":[{"href":"https:\/\/mundialize.com.br\/en\/wp-json\/wp\/v2\/posts\/2631","targetHints":{"allow":["GET"]}}],"collection":[{"href":"https:\/\/mundialize.com.br\/en\/wp-json\/wp\/v2\/posts"}],"about":[{"href":"https:\/\/mundialize.com.br\/en\/wp-json\/wp\/v2\/types\/post"}],"author":[{"embeddable":true,"href":"https:\/\/mundialize.com.br\/en\/wp-json\/wp\/v2\/users\/1"}],"replies":[{"embeddable":true,"href":"https:\/\/mundialize.com.br\/en\/wp-json\/wp\/v2\/comments?post=2631"}],"version-history":[{"count":6,"href":"https:\/\/mundialize.com.br\/en\/wp-json\/wp\/v2\/posts\/2631\/revisions"}],"predecessor-version":[{"id":2647,"href":"https:\/\/mundialize.com.br\/en\/wp-json\/wp\/v2\/posts\/2631\/revisions\/2647"}],"wp:featuredmedia":[{"embeddable":true,"href":"https:\/\/mundialize.com.br\/en\/wp-json\/wp\/v2\/media\/2634"}],"wp:attachment":[{"href":"https:\/\/mundialize.com.br\/en\/wp-json\/wp\/v2\/media?parent=2631"}],"wp:term":[{"taxonomy":"category","embeddable":true,"href":"https:\/\/mundialize.com.br\/en\/wp-json\/wp\/v2\/categories?post=2631"},{"taxonomy":"post_tag","embeddable":true,"href":"https:\/\/mundialize.com.br\/en\/wp-json\/wp\/v2\/tags?post=2631"}],"curies":[{"name":"wp","href":"https:\/\/api.w.org\/{rel}","templated":true}]}}