{"id":2614,"date":"2026-07-25T17:42:23","date_gmt":"2026-07-25T20:42:23","guid":{"rendered":"https:\/\/mundialize.com.br\/?p=2614"},"modified":"2026-07-25T17:42:25","modified_gmt":"2026-07-25T20:42:25","slug":"lista-de-coisas-para-bebe-a-lista-completa","status":"publish","type":"post","link":"https:\/\/mundialize.com.br\/pt_br\/lista-de-coisas-para-bebe-a-lista-completa\/","title":{"rendered":"Lista de coisas para beb\u00ea: a lista completa que eu gostaria de ter encontrado na minha primeira gravidez"},"content":{"rendered":"\n<hr class=\"wp-block-separator has-alpha-channel-opacity\"\/>\n\n\n\n<h2 class=\"wp-block-heading has-medium-font-size\"><strong>Se eu fosse montar hoje uma lista de coisas para beb\u00ea, sabendo tudo o que aprendi com meu filho, o que eu realmente compraria?<\/strong><\/h2>\n\n\n\n<p class=\"has-medium-font-size\"><strong>Lista de coisas para beb\u00ea: <\/strong>Mundialize.<\/p>\n\n\n\n<p class=\"has-medium-font-size\">Como muitas mam\u00e3es, eu acabei deixando para a \u00faltima hora para preparar a minha mala para a maternidade.<\/p>\n\n\n\n<p class=\"has-medium-font-size\">O tempo passa muito r\u00e1pido e, quando voc\u00ea percebe, j\u00e1 \u00e9 hora de se preparar para receber o pequenino.<\/p>\n\n\n\n<p class=\"has-medium-font-size\">Comigo aconteceu da seguinte maneira: chegou a semana de ir para a maternidade e eu n\u00e3o tinha nada pronto. Ent\u00e3o comecei a pesquisar listas de coisas para comprar para o meu beb\u00ea.<\/p>\n\n\n\n<p class=\"has-medium-font-size\">E honestamente eu n\u00e3o consegui encontrar uma lista completa que atendesse minhas necessidades.<\/p>\n\n\n\n<p>E, honestamente, eu n\u00e3o consegui encontrar uma lista completa que atendesse \u00e0s minhas necessidades.<\/p>\n\n\n\n<p>Muitas das coisas que encontrei, eu mal sabia para que serviriam e como eu usaria.<\/p>\n\n\n\n<p class=\"has-medium-font-size\">Por isso, resolvi escrever este artigo completo, com uma lista de coisas para beb\u00ea e uma lista de coisas para rec\u00e9m-nascido.<\/p>\n\n\n\n<p class=\"has-medium-font-size\">Como presente da <strong>Mundialize<\/strong>, no final deste artigo, eu preparei um PDF incr\u00edvel. Que \u00e9 s\u00f3 voc\u00ea baixar, se preferir podemos te encaminhar por WhatsApp, \u00e9 s\u00f3 deixar nos coment\u00e1rios.<\/p>\n\n\n\n<hr class=\"wp-block-separator has-alpha-channel-opacity\"\/>\n\n\n\n<h1 class=\"wp-block-heading\">Resumo da lista de coisas para beb\u00ea (para quem est\u00e1 com pressa)<\/h1>\n\n\n\n<ul class=\"wp-block-list\">\n<li>\u2714 Lista de coisas para beb\u00ea realmente \u00fateis.<\/li>\n\n\n\n<li>\u2714 Lista de coisas para rec\u00e9m-nascido separada por categorias.<\/li>\n\n\n\n<li>\u2714 O que realmente usei com meu filho.<\/li>\n\n\n\n<li>\u2714 O que compraria novamente.<\/li>\n\n\n\n<li>\u2714 O que deixaria para comprar depois.<\/li>\n\n\n\n<li>\u2714 O que achei desnecess\u00e1rio.<\/li>\n<\/ul>\n\n\n\n<hr class=\"wp-block-separator has-alpha-channel-opacity\"\/>\n\n\n\n<h1 class=\"wp-block-heading has-medium-font-size\">Como montei esta lista de coisas para beb\u00ea<\/h1>\n\n\n\n<p class=\"has-medium-font-size\">Eu sou m\u00e3e de primeira viagem e realizei uma ampla pesquisa para tentar te ajudar.<\/p>\n\n\n\n<p>Al\u00e9m disso, preciso te contar que muitas das coisas listadas aqui neste artigo eu uso ou j\u00e1 usei.<\/p>\n\n\n\n<p class=\"has-medium-font-size\">Essa lista foi montada baseada na minha experi\u00eancia como m\u00e3e real, dona de casa e empreendedora.<\/p>\n\n\n\n<p>O que vai facilitar sua vida, eu vou te contar neste artigo e o que vai ser dinheiro jogado fora tamb\u00e9m vou te contar.<\/p>\n\n\n\n<hr class=\"wp-block-separator has-alpha-channel-opacity\"\/>\n\n\n\n<h1 class=\"wp-block-heading has-medium-font-size\">Breve resumo:<\/h1>\n\n\n\n<p class=\"has-medium-font-size\">S\u00f3 para voc\u00ea entender, eu organizei v\u00e1rias listas. Ent\u00e3o voc\u00ea vai descobrir<\/p>\n\n\n\n<ul class=\"wp-block-list\">\n<li class=\"has-medium-font-size\">Lista de coisas para beb\u00ea<\/li>\n\n\n\n<li class=\"has-medium-font-size\">Lista de coisas para rec\u00e9m-nascido <\/li>\n\n\n\n<li class=\"has-medium-font-size\">Lista de coisas para levar na maternidade<\/li>\n\n\n\n<li class=\"has-medium-font-size\">Lista de coisas para mam\u00e3es<\/li>\n<\/ul>\n\n\n\n<h2 class=\"wp-block-heading\">Lista de coisas para beb\u00ea: enxoval completo<\/h2>\n\n\n\n<p class=\"has-medium-font-size\">\u00c9 um artigo completo, desde <strong>higiene<\/strong>, <strong>agasalhos <\/strong>\u00e1 itens de <strong>casa <\/strong>e <strong>bem-estar<\/strong>. Al\u00e9m de contar a minha experi\u00eancia e como cada itens funcionou para mim de forma breve.<\/p>\n\n\n\n<hr class=\"wp-block-separator has-alpha-channel-opacity\"\/>\n\n\n\n<h2 class=\"wp-block-heading has-medium-font-size\">Lista de roupas para rec\u00e9m-nascido:<\/h2>\n\n\n\n<ul class=\"wp-block-list\">\n<li class=\"has-medium-font-size\">Body: Principalmente nas 4 primeiras semanas do beb\u00ea voc\u00ea vai usar muito, e muitas vezes durante as trocas de fraldas o beb\u00ea pode molhar o body e \u00e9 preciso v\u00e1rias trocas.<\/li>\n<\/ul>\n\n\n\n<p><strong>Conselho<\/strong>: N\u00e3o invista em muitos tamanhos RN [rec\u00e9m-nascido] porque o beb\u00ea cresce muito r\u00e1pido, e no meu caso mesmo quando rec\u00e9m-nascido, nos primeiros 30 dias, ele come\u00e7ou a usar P.<\/p>\n\n\n\n<p>Eu comecei a usar P no meu beb\u00ea por volta dos 25 dias de vida, por dois motivos.<\/p>\n\n\n\n<p>1\u00ba Os tamanhos e as modelagens diferem de marca para marca, tinha tamanhos P que pareciam RN de t\u00e3o pequeno.<\/p>\n\n\n\n<p>2\u00ba Eu percebi que muitas das roupinhas RN ficavam apertadas nele ou eu tinha muita dificuldade para vestir, especialmente os bodys, j\u00e1 que \u00e9 preciso ter todo cuidado na hora de vestir para n\u00e3o machucar o beb\u00ea.<\/p>\n\n\n\n<ul class=\"wp-block-list\">\n<li class=\"has-medium-font-size\">Macac\u00e3o: Mesmo cen\u00e1rio do body, n\u00e3o compre muitos tamanhos RN, invista em tamanhos como P e M. O macac\u00e3o \u00e9 uma pe\u00e7a muito importante para o beb\u00ea, durante as noites eles ajudam muito. Facilitam muito a vida da m\u00e3e, j\u00e1 que \u00e9 mais r\u00e1pido para trocar. <\/li>\n<\/ul>\n\n\n\n<p>Conselho: Cuide com pe\u00e7as com z\u00edper sem prote\u00e7\u00e3o, ou muito bot\u00f5es. Isso pode marcar ou machucar a pele do beb\u00ea.<\/p>\n\n\n\n<ul class=\"wp-block-list\">\n<li class=\"has-medium-font-size\">Culote\/Mij\u00e3o\/Cal\u00e7as: S\u00e3o muito importantes e voc\u00ea vai usar bastante. J\u00e1 que o beb\u00ea precisa trocar a roupinha quando molhada e isso pode acontecer v\u00e1rias vezes ao dia, ou quando vaza urina pela fralda.<\/li>\n<\/ul>\n\n\n\n<p class=\"has-medium-font-size\"><\/p>\n\n\n\n<figure class=\"wp-block-image size-large\"><img loading=\"lazy\" decoding=\"async\" width=\"1024\" height=\"536\" src=\"https:\/\/mundialize.com.br\/wp-content\/uploads\/2026\/07\/lista-de-coisas-para-recem-nascido-1024x536.webp\" alt=\"Lista de coisas para beb\u00ea: a lista completa que eu gostaria de ter encontrado na minha primeira gravidez\" class=\"wp-image-2625\" srcset=\"https:\/\/mundialize.com.br\/wp-content\/uploads\/2026\/07\/lista-de-coisas-para-recem-nascido-1024x536.webp 1024w, https:\/\/mundialize.com.br\/wp-content\/uploads\/2026\/07\/lista-de-coisas-para-recem-nascido-300x157.webp 300w, https:\/\/mundialize.com.br\/wp-content\/uploads\/2026\/07\/lista-de-coisas-para-recem-nascido-768x402.webp 768w, https:\/\/mundialize.com.br\/wp-content\/uploads\/2026\/07\/lista-de-coisas-para-recem-nascido-1536x803.webp 1536w, https:\/\/mundialize.com.br\/wp-content\/uploads\/2026\/07\/lista-de-coisas-para-recem-nascido-18x9.webp 18w, https:\/\/mundialize.com.br\/wp-content\/uploads\/2026\/07\/lista-de-coisas-para-recem-nascido.webp 1734w\" sizes=\"auto, (max-width: 1024px) 100vw, 1024px\" \/><figcaption class=\"wp-element-caption\">Fonte: (Acervo pessoal\/Mundialize)<\/figcaption><\/figure>\n\n\n\n<ul class=\"wp-block-list\">\n<li class=\"has-medium-font-size\">Meias: Digo que esse foi um dos principais itens e que, no primeiro momento, comprei apenas tr\u00eas pares.<\/li>\n<\/ul>\n\n\n\n<p class=\"has-medium-font-size\">Os p\u00e9s do beb\u00ea esfriam rapidamente mesmo na temperatura natural. Parece que n\u00e3o, mas o beb\u00ea suja muito as meias. <\/p>\n\n\n\n<p>O beb\u00ea acaba ficando exposto em v\u00e1rios lugares, abaixo eu mencionei dois motivos principais do porqu\u00ea de o beb\u00ea precisar de muitas meias.<\/p>\n\n\n\n<p>1\u00ba As meias acabam ficando apertadas, quando eu percebi que estava marcando os p\u00e9zinhos do meu beb\u00ea e ficando avermelhado. Eu j\u00e1 parava de usar aquela determinada meia por conta da circula\u00e7\u00e3o sangu\u00ednea e conforto do meu beb\u00ea.<\/p>\n\n\n\n<p>2\u00ba Eu compro tamanhos variados, em muitos momentos meu beb\u00ea usa pares maiores para ficar confort\u00e1vel. Acredito que esse item \u00e9 um dos principais para o beb\u00ea e se usa muito.<\/p>\n\n\n\n<p>Eu pensava que tr\u00eas ou quatro pares suficientes, mas acredito que o meu beb\u00ea tem mais de 10 pares e ainda assim, n\u00e3o acho quando precisa.<\/p>\n\n\n\n<ul class=\"wp-block-list\">\n<li class=\"has-medium-font-size\">Toucas: Muito importante tamb\u00e9m principalmente em \u00e9pocas de outono e inverno que geralmente pode estar mais calor durante o dia e quando chega a tarde come\u00e7a esfriar.<\/li>\n<\/ul>\n\n\n\n<p>Eu tamb\u00e9m pensava que 1 ou 2 eram suficientes, mas hoje por precau\u00e7\u00e3o sempre deixo algumas em casa, uma pelo menos da bolsa. <\/p>\n\n\n\n<p>Quando o rostinho ou as orelhas do meu beb\u00ea ficam geladinhos<\/p>\n\n\n\n<p> do meu beb\u00ea ficam fria ou geladinha, logo coloco as touquinhas.<\/p>\n\n\n\n<ul class=\"wp-block-list\">\n<li class=\"has-medium-font-size\">Casaquinhos: Comprar blusas e casacos \u00e9 necess\u00e1rio. Eu observo que muitas vezes que deixo meu beb\u00ea apenas com camiseta ou body o peito dele come\u00e7a a esfriar.<\/li>\n<\/ul>\n\n\n\n<p>Em seguida coloco blusa nele.<\/p>\n\n\n\n<p><\/p>\n\n\n\n<ul class=\"wp-block-list\">\n<li class=\"has-medium-font-size\">Luvas: As luvas s\u00e3o um item que ajuda muito a aquecer as m\u00e3ozinhas principalmente na fase de rec\u00e9m-nascido e me ajudaram muito na quest\u00e3o da prote\u00e7\u00e3o do beb\u00ea devido as unhas.<\/li>\n<\/ul>\n\n\n\n<p class=\"has-medium-font-size\">Em alguns momentos meu beb\u00ea come\u00e7ava a se unhar na hora de dormir e at\u00e9 eu pegar o jeito de cortar as unhas com cuidado e aten\u00e7\u00e3o, eu usei muito luvas.<\/p>\n\n\n\n<p class=\"has-medium-font-size\">Confesso que agora com 5 meses eu j\u00e1 n\u00e3o uso mais, at\u00e9 mesmo porque durante a conversa com a pediatra do meu beb\u00ea, eu fui orientada que \u00e9 importante o beb\u00ea estar com as m\u00e3os livres nessa fase para para ir aprendendo novos movimentos..<\/p>\n\n\n\n<p class=\"has-medium-font-size\">O Minist\u00e9rio da Sa\u00fade orienta evitar o <a href=\"https:\/\/www.gov.br\/anvisa\/pt-br\/assuntos\/servicosdesaude\/prevencao-e-controle-de-infeccao-e-resistencia-microbiana\/UsodeLuvasFolhetoInformativo.pdf\" data-type=\"link\" data-id=\"https:\/\/www.gov.br\/anvisa\/pt-br\/assuntos\/servicosdesaude\/prevencao-e-controle-de-infeccao-e-resistencia-microbiana\/UsodeLuvasFolhetoInformativo.pdf\" target=\"_blank\" rel=\"noopener\"><mark style=\"background-color:rgba(0, 0, 0, 0)\" class=\"has-inline-color has-vivid-cyan-blue-color\">uso cont\u00ednuo de luvas<\/mark><\/a>, pois o beb\u00ea precisa explorar o ambiente com as m\u00e3os e desenvolver seus movimentos.<\/p>\n\n\n\n<hr class=\"wp-block-separator has-alpha-channel-opacity\"\/>\n\n\n\n<h2 class=\"wp-block-heading\">Resumo dos itens [Roupas para rec\u00e9m-nascido]<\/h2>\n\n\n\n<figure class=\"wp-block-table\"><table class=\"has-fixed-layout\"><thead><tr><th><strong>Item<\/strong><\/th><th><strong>Import\u00e2ncia<\/strong><\/th><\/tr><\/thead><tbody><tr><td>Body<\/td><td>\u2705 Importante<\/td><\/tr><tr><td>Macac\u00e3o<\/td><td>\u2705 Importante<\/td><\/tr><tr><td>Cal\u00e7as<\/td><td>\u2705 Importante<\/td><\/tr><tr><td>Meias<\/td><td>\u2705 Importante<\/td><\/tr><tr><td>Touca<\/td><td>\u2705 Importante<\/td><\/tr><tr><td>Casaquinho<\/td><td>\u2705 Importante<\/td><\/tr><tr><td>Luvas<\/td><td>\u26a0\ufe0f Evitar o uso rotineiro<\/td><\/tr><\/tbody><\/table><\/figure>\n\n\n\n<h3 class=\"wp-block-heading\">Lista de higiene do beb\u00ea:<\/h3>\n\n\n\n<ul class=\"wp-block-list\">\n<li class=\"has-medium-font-size\"><strong>Banheira<\/strong>: Importante para o banho, \u00e9 necess\u00e1ria para um banho mais seguro.<\/li>\n\n\n\n<li class=\"has-medium-font-size\"><strong>Shampoo<\/strong>: Vai usar bastante, principalmente por conta da limpeza das casquinhas que aparecem na cabe\u00e7a do beb\u00ea.<\/li>\n\n\n\n<li class=\"has-medium-font-size\">Sabonete: Importante, no meu caso eu preferi o l\u00edquido. Me trouxe mais facilidade na hora do banho.<\/li>\n\n\n\n<li class=\"has-medium-font-size\">Toalha: Na hora de secar o beb\u00ea, ser\u00e1 importante ter uma toalha que absorva bem a \u00e1gua. Tamb\u00e9m \u00e9 importante n\u00e3o usar toalhas dos adultos no beb\u00ea.<\/li>\n\n\n\n<li class=\"has-medium-font-size\">Escova: Uso muito para arrumar o cabelo do beb\u00ea e para ajudar a remover as casquinhas da cabe\u00e7a dele.<\/li>\n<\/ul>\n\n\n\n<blockquote class=\"wp-block-quote is-layout-flow wp-block-quote-is-layout-flow\">\n<p class=\"has-medium-font-size\"><strong>Importante<\/strong>: N\u00e3o retire, em hip\u00f3tese nenhuma, as casquinhas da cabe\u00e7a do beb\u00ea com as unhas. Isso pode machucar! O ideal \u00e9 colocar um \u00f3leo natural uma hora antes do banho para amolec\u00ea-las.<\/p>\n<\/blockquote>\n\n\n\n<ul class=\"wp-block-list\">\n<li class=\"has-medium-font-size\">Pente: Voc\u00ea pode comprar, mas eu uso mais a escova. Neste momento, os cabelos do meu beb\u00ea est\u00e3o caindo. E, nesses 5 meses, ainda n\u00e3o usei pente. As escovas tem cerdas macias e me ajudam mais.<\/li>\n\n\n\n<li class=\"has-medium-font-size\">Pomada: Extremamente importante. Recomendo que voc\u00ea converse com a obstetra sobre o tipo de pomada para comprar. Ela explicou que existe uma que evita assaduras e outra que trata as assaduras.<\/li>\n\n\n\n<li>Fraldas: Sobre fraldas eu preferi comprar sob demanda, at\u00e9 para n\u00e3o acontecer de sobrar. De repente, o meu beb\u00ea foi crescendo rapidamente. |Em torno de 40 dias ele j\u00e1 estava usando M.<\/li>\n\n\n\n<li>Len\u00e7os: Outro item que usa muito, e esse eu j\u00e1 compro em maior quantidade para n\u00e3o faltar. Quando falta eu limpo meu beb\u00ea com \u00e1gua morna e algod\u00e3o.<\/li>\n\n\n\n<li>Algod\u00e3o: Vai precisar mais do que voc\u00ea imagina, eu uso para limpar meu beb\u00ea quando falta len\u00e7o umedecido. Tamb\u00e9m uso para dar &#8220;banho de gato&#8221; em dias muito frios.<\/li>\n\n\n\n<li class=\"has-medium-font-size\">Term\u00f4metro: \u00c9 preciso tanto para medir a temperatura do beb\u00ea, quanto para medir a temperatura da \u00e1gua do banho do beb\u00ea. Eu sempre verificava a temperatura da \u00e1gua antes do banho para deixar esse momento mais seguro e confort\u00e1vel para o meu beb\u00ea.<\/li>\n\n\n\n<li>Cortador de Unha: Voc\u00ea vai precisar. No meu caso, preciso cortar as unhinhas do beb\u00ea toda semana.<br><\/li>\n<\/ul>\n\n\n\n<hr class=\"wp-block-separator has-alpha-channel-opacity\"\/>\n\n\n\n<h2 class=\"wp-block-heading\">Lista de alimenta\u00e7\u00e3o do beb\u00ea:<\/h2>\n\n\n\n<ul class=\"wp-block-list\">\n<li>Mamadeiras: No meu caso, eu tenho mamadeira, mas n\u00e3o uso de forma rotineira.<\/li>\n\n\n\n<li>Escova de limpeza: Importante para limpeza da mamadeira. \u00c9 bom evitar usar esponjas utilizadas em outras lou\u00e7as.<\/li>\n\n\n\n<li>Babadores: Pensei que n\u00e3o iria usar, mas \u00e9 importante. Ap\u00f3s os tr\u00eas meses, o beb\u00ea baba muito.<\/li>\n\n\n\n<li>Bomba tira-leite: Me ajudou e continua ajudando muito.  \u00c0s vezes, quando preciso sair, encho uma mamadeira para deixar para o beb\u00ea, ou simplesmente para esvaziar o seio. Considero um dos itens mais importantes. Havia momentos em que os seios chegavam a doer. <\/li>\n\n\n\n<li>Potes: Agora, meu beb\u00ea vai entrar na fase da introdu\u00e7\u00e3o alimentar. J\u00e1 estou preparando potes espec\u00edficos para a alimenta\u00e7\u00e3o dele. Al\u00e9m dos potes ajudarem a mam\u00e3e no resguardo, para manter a organiza\u00e7\u00e3o e a alimenta\u00e7\u00e3o adequada para a m\u00e3e.<\/li>\n\n\n\n<li>Colheres: Tamb\u00e9m fazem parte dos itens que estou preparando para o meu pequeno.<\/li>\n\n\n\n<li>Copinhos: Importante para ele come\u00e7ar a beber e n\u00e3o ficar dependente da mamadeira.<\/li>\n<\/ul>\n\n\n\n<figure class=\"wp-block-table\"><table class=\"has-fixed-layout\"><thead><tr><th><strong>Item<\/strong><\/th><th><strong>Import\u00e2ncia<\/strong><\/th><\/tr><\/thead><tbody><tr><td>Mamadeiras<\/td><td>\ud83c\udf7c Quando necess\u00e1rio<\/td><\/tr><tr><td>Escova para limpeza de mamadeiras<\/td><td>\u2705 Importante<\/td><\/tr><tr><td>Babadores<\/td><td>\u2705 Importante<\/td><\/tr><tr><td>Bomba tira-leite<\/td><td>\u2b50 Important\u00edssimo<\/td><\/tr><tr><td>Potes para armazenar leite<\/td><td>\u2705 Importante<\/td><\/tr><tr><td>Colheres<\/td><td>\u2705 Importante (principalmente para a introdu\u00e7\u00e3o alimentar)<\/td><\/tr><tr><td>Copinhos<\/td><td>\u2705 Importante (podem ser \u00fateis conforme o desenvolvimento do beb\u00ea)<br><\/td><\/tr><\/tbody><\/table><\/figure>\n\n\n\n<p>*** esqueci do colocar na lista [Cortador de Unha]<\/p>\n\n\n\n<hr class=\"wp-block-separator has-alpha-channel-opacity\"\/>\n\n\n\n<h2 class=\"wp-block-heading\">Lista para o quarto do beb\u00ea:<\/h2>\n\n\n\n<ul class=\"wp-block-list\">\n<li class=\"has-medium-font-size\">Ber\u00e7o: \u00c9 importante, j\u00e1 que dormir com os pais n\u00e3o \u00e9 recomendado e pode ser arriscado para o pequeno.<\/li>\n\n\n\n<li class=\"has-medium-font-size\">Colch\u00e3o: Para deixar o ber\u00e7o do beb\u00ea confort\u00e1vel.<\/li>\n\n\n\n<li class=\"has-medium-font-size\">Len\u00e7\u00f3is: \u00c9 necess\u00e1rio que o cantinho do beb\u00ea esteja limpinho e organizado. Lembre-se: Ele \u00e9 pequeno e fr\u00e1gil, n\u00e3o pode estar exposto a sujeiras. Seu cantinho pode ser simples, desde que esteja limpinho.<\/li>\n\n\n\n<li class=\"has-medium-font-size\">Cobertor: Vai usar muito, tanto em casa quanto nos passeios ou nas sa\u00eddas com o beb\u00ea.<\/li>\n\n\n\n<li class=\"has-medium-font-size\">Manta: Muito necess\u00e1ria. \u00c0s vezes, o beb\u00ea pode suar devido a cobertas mais quentes.<\/li>\n\n\n\n<li class=\"has-medium-font-size\">C\u00f4moda: Me ajudou muito na organiza\u00e7\u00e3o das roupinhas do meu beb\u00ea.<\/li>\n\n\n\n<li class=\"has-medium-font-size\">Lixeira: Procure lixeiras que possuam tampas. Porque as fraldas podem gerar odores fortes.<\/li>\n\n\n\n<li class=\"has-medium-font-size\">Bab\u00e1 eletr\u00f4nica: Sou suspeita a falar desse item! Eu subestimei esse item. E hoje meu beb\u00ea com cinco meses, o quanto eu uso e como ela me ajuda. Eu trabalho em casa com cria\u00e7\u00e3o de conte\u00fado, a bab\u00e1 eletr\u00f4nica. me ajuda quando preciso sair de perto do beb\u00ea, eu a deixo ligada e atrav\u00e9s do celular eu fico de olho no beb\u00ea. Se eu observar que ele est\u00e1 prestes a se engasgar com saliva, eu vou at\u00e9 o beb\u00ea.<\/li>\n\n\n\n<li class=\"has-medium-font-size\">Umidificador: Nas primeiras semanas do meu beb\u00ea em casa, estava muito calor e a temperatura estava muito alta. Nessas condi\u00e7\u00f5es o umidificador ajuda muito.<\/li>\n<\/ul>\n\n\n\n<hr class=\"wp-block-separator has-alpha-channel-opacity\"\/>\n\n\n\n<h2 class=\"wp-block-heading\">Lista para passeios<\/h2>\n\n\n\n<ul class=\"wp-block-list\">\n<li class=\"has-medium-font-size\">Carrinho: Acho importante, mas n\u00e3o comprei. Pois n\u00e3o saio muito. Mas percebo que logo vou precisar porque o meu beb\u00ea est\u00e1 ficando pesadinho.<\/li>\n\n\n\n<li class=\"has-medium-font-size\">Beb\u00ea conforto: Importante e me ajuda muito desde os primeiros dias do meu beb\u00ea. Tanto para transport\u00e1-lo no carro, ou quando vamos a um restaurante ou passear.<\/li>\n\n\n\n<li class=\"has-medium-font-size\">Bolsa maternidade: Como esse item \u00e9 \u00fatil! Eu posso levar coisas que o meu beb\u00ea precisa para os lugares onde vou., como fraldas, len\u00e7os e at\u00e9 mesmo algumas roupinhas para troca. Al\u00e9m dos rem\u00e9dios e itens necess\u00e1rios do meu beb\u00ea como soro fisiol\u00f3gico.<\/li>\n\n\n\n<li class=\"has-medium-font-size\">Sling ou canguru: Penso que seja importante, mas eu n\u00e3o comprei at\u00e9 o momento.<\/li>\n<\/ul>\n\n\n\n<hr class=\"wp-block-separator has-alpha-channel-opacity\"\/>\n\n\n\n<h1 class=\"wp-block-heading has-medium-font-size\">Lista de coisas para rec\u00e9m-nascido para levar \u00e0 maternidade:<\/h1>\n\n\n\n<hr class=\"wp-block-separator has-alpha-channel-opacity\"\/>\n\n\n\n<h2 class=\"wp-block-heading has-medium-font-size\">O que levar para o beb\u00ea:<\/h2>\n\n\n\n<ul class=\"wp-block-list\">\n<li>Manta de boca [levei tr\u00eas e usei todas].<\/li>\n\n\n\n<li>3 macac\u00f5es RN. [Usei os tr\u00eas e precisou de mais que meu marido buscou em casa]<\/li>\n\n\n\n<li>3 bodies. [Usou os tr\u00eas]<\/li>\n\n\n\n<li>4 cal\u00e7as [Usou as quatro]<\/li>\n\n\n\n<li>Fraldas RN Levei um pacote com 18 unidades e foi suficiente.<\/li>\n\n\n\n<li>Pomada para prevenir assaduras [Realmente precisou]<\/li>\n\n\n\n<li>Cotonete [Para a limpeza do ouvido do beb\u00ea]<\/li>\n\n\n\n<li>Cobertor [Usou tamb\u00e9m]<\/li>\n\n\n\n<li>Mamadeira [Levei e N\u00c3O usei]<\/li>\n\n\n\n<li>Sabonete\/Shampoo de beb\u00ea<\/li>\n\n\n\n<li>Len\u00e7o umedecido [1 pacote foi suficiente]<\/li>\n<\/ul>\n\n\n\n<hr class=\"wp-block-separator has-alpha-channel-opacity\"\/>\n\n\n\n<h2 class=\"wp-block-heading has-medium-font-size\">O que levar para a m\u00e3e<\/h2>\n\n\n\n<ul class=\"wp-block-list\">\n<li>La\u00e7o de cabelo.<\/li>\n\n\n\n<li>Roupas \u00edntimas: 3 conjuntos.<\/li>\n\n\n\n<li>Roup\u00e3o ou pijama confort\u00e1vel (levei roup\u00e3o, mas n\u00e3o usei).<\/li>\n\n\n\n<li>cal\u00e7as confort\u00e1veis<\/li>\n\n\n\n<li>blusas e camisetas confort\u00e1veis<\/li>\n\n\n\n<li>Suti\u00e3 de amamenta\u00e7\u00e3o: muitas pessoas mencionam esse item. Mas no meu caso n\u00e3o levei e consegui me virar bem, j\u00e1 que eu uso bastante top de academia duplo.<\/li>\n\n\n\n<li>chinelo [muito importante]<\/li>\n\n\n\n<li>toalha de banho [muito importante]<\/li>\n\n\n\n<li>shampoo\/sabonete<\/li>\n\n\n\n<li>Calcinhas absorventes. [levei um pacote com 18, foi suficiente e sobrou 4 unidades]<\/li>\n\n\n\n<li>carregadores<\/li>\n\n\n\n<li>desodorante<\/li>\n\n\n\n<li>creme dental\/escova de dente<\/li>\n\n\n\n<li>pente\/escova de cabelo<\/li>\n<\/ul>\n\n\n\n<hr class=\"wp-block-separator has-alpha-channel-opacity\"\/>\n\n\n\n<figure class=\"wp-block-image size-large\"><img loading=\"lazy\" decoding=\"async\" width=\"1024\" height=\"536\" src=\"https:\/\/mundialize.com.br\/wp-content\/uploads\/2026\/07\/lista-de-coisas-para-bebe-mundialize-1024x536.webp\" alt=\"Lista de coisas para bebe mundialize\" class=\"wp-image-2627\" srcset=\"https:\/\/mundialize.com.br\/wp-content\/uploads\/2026\/07\/lista-de-coisas-para-bebe-mundialize-1024x536.webp 1024w, https:\/\/mundialize.com.br\/wp-content\/uploads\/2026\/07\/lista-de-coisas-para-bebe-mundialize-300x157.webp 300w, https:\/\/mundialize.com.br\/wp-content\/uploads\/2026\/07\/lista-de-coisas-para-bebe-mundialize-768x402.webp 768w, https:\/\/mundialize.com.br\/wp-content\/uploads\/2026\/07\/lista-de-coisas-para-bebe-mundialize-1536x803.webp 1536w, https:\/\/mundialize.com.br\/wp-content\/uploads\/2026\/07\/lista-de-coisas-para-bebe-mundialize-18x9.webp 18w, https:\/\/mundialize.com.br\/wp-content\/uploads\/2026\/07\/lista-de-coisas-para-bebe-mundialize.webp 1734w\" sizes=\"auto, (max-width: 1024px) 100vw, 1024px\" \/><figcaption class=\"wp-element-caption\">Fonte: (Acervo Pessoal\/Mundialize)<\/figcaption><\/figure>\n\n\n\n<h2 class=\"wp-block-heading\">O que levar para o acompanhante:<\/h2>\n\n\n\n<ul class=\"wp-block-list\">\n<li>roupas [3 trocas]<\/li>\n\n\n\n<li>carregador<\/li>\n\n\n\n<li>escova de dente\/creme dental<\/li>\n\n\n\n<li>desodorante<\/li>\n\n\n\n<li>chinelo<\/li>\n<\/ul>\n\n\n\n<blockquote class=\"wp-block-quote is-layout-flow wp-block-quote-is-layout-flow\">\n<p>No meu caso, meu esposo n\u00e3o levou, pois moramos perto da maternidade e ele ia para casa para tomar banho e, em seguida, voltava.<\/p>\n<\/blockquote>\n\n\n\n<hr class=\"wp-block-separator has-alpha-channel-opacity\"\/>\n\n\n\n<h1 class=\"wp-block-heading\">O que realmente valeu a pena comprar para o beb\u00ea:<\/h1>\n\n\n\n<p>Alguns itens valeu muito a pena comprar, como o <strong>Nebulizador<\/strong>, eu precisei para os dias em que meu beb\u00ea estava com o nariz trancado. Comprei tamb\u00e9m o <strong>Aspirador Nasal<\/strong> que me ajudou demais, tinha dias que meu beb\u00ea ficava co\u00e7ando o nariz e eu percebia que estava sujo. Ent\u00e3o eu colocava duas gotas de soro e em seguida usava o aspirador para remover a sujeira.<\/p>\n\n\n\n<p>Em seguida eu j\u00e1 notava que a respira\u00e7\u00e3o dele melhorava e ele dormia melhor. Al\u00e9m da Bab\u00e1 Eletr\u00f4nica que eu havia mencionado acima.<\/p>\n\n\n\n<p>Esses tr\u00eas itens valeram muito a pena.<\/p>\n\n\n\n<hr class=\"wp-block-separator has-alpha-channel-opacity\"\/>\n\n\n\n<h1 class=\"wp-block-heading\">O que eu compraria novamente sem pensar duas vezes<\/h1>\n\n\n\n<p>Lista pessoal: (m\u00e3e, beb\u00ea e casa)<\/p>\n\n\n\n<ul class=\"wp-block-list\">\n<li>Escova de cabelo cerdas macias<\/li>\n\n\n\n<li>Fronhas e len\u00e7\u00f3is<\/li>\n\n\n\n<li>Bab\u00e1 Eletr\u00f4nica<\/li>\n\n\n\n<li>Aspirador Nasal<\/li>\n\n\n\n<li>Nebulizador<\/li>\n\n\n\n<li>Jogo de pano de boca (cueiro)<\/li>\n\n\n\n<li>Bomba de tirar leite (autom\u00e1tica)<\/li>\n\n\n\n<li>Creme para o bico do seio com lanolina.<\/li>\n\n\n\n<li>Creme para estrias<\/li>\n\n\n\n<li>Drenilson (ajudou na cicatriza\u00e7\u00e3o do corte da ces\u00e1rea, al\u00e9m de ajudar a clarear).<\/li>\n\n\n\n<li>Fralda conforme ia acabando<\/li>\n\n\n\n<li>Mosquiteiro<\/li>\n\n\n\n<li>Creme de hidrata\u00e7\u00e3o beb\u00ea da Granado<\/li>\n\n\n\n<li>Ru\u00eddo branco: eu colocava na pr\u00f3pria TV.<\/li>\n\n\n\n<li>Gaze, usava para o banho do beb\u00ea, ajuda em rela\u00e7\u00e3o as casquinhas na cabe\u00e7a.<\/li>\n<\/ul>\n\n\n\n<hr class=\"wp-block-separator has-alpha-channel-opacity\"\/>\n\n\n\n<h1 class=\"wp-block-heading\">O que deixaria para comprar depois do nascimento<\/h1>\n\n\n\n<h3 class=\"wp-block-heading\">Mamadeiras.<\/h3>\n\n\n\n<p class=\"has-medium-font-size\">Se a inten\u00e7\u00e3o \u00e9 amamentar exclusivamente, eu esperaria um pouco antes de comprar v\u00e1rias mamadeiras. Muitas m\u00e3es acabam nem usando nos primeiros meses.<\/p>\n\n\n\n<h3 class=\"wp-block-heading has-medium-font-size\">Chupetas<\/h3>\n\n\n\n<p class=\"has-medium-font-size\">Nem todos os beb\u00eas aceitam chupeta. Eu compraria apenas se percebesse que realmente faria sentido para o meu filho.<\/p>\n\n\n\n<h3 class=\"wp-block-heading has-medium-font-size\">Esterilizador de mamadeiras<\/h3>\n\n\n\n<p class=\"has-medium-font-size\">No meu caso, eu esperaria para ver se ele realmente seria necess\u00e1rio. Dependendo da rotina da fam\u00edlia, esse item pode acabar sendo pouco utilizado.<\/p>\n\n\n\n<h3 class=\"wp-block-heading has-medium-font-size\">Brinquedos<\/h3>\n\n\n\n<p class=\"has-medium-font-size\">Nos primeiros meses, o beb\u00ea ainda n\u00e3o interage muito com brinquedos. Eu deixaria essa compra para mais tarde.<\/p>\n\n\n\n<h3 class=\"wp-block-heading\">Roupas maiores<\/h3>\n\n\n\n<p class=\"has-medium-font-size\">Eu evitaria comprar muitas pe\u00e7as dos tamanhos maiores antes do nascimento. Conforme o beb\u00ea cresce, fica mais f\u00e1cil saber qual esta\u00e7\u00e3o do ano ele estar\u00e1 vivendo e qual tamanho para ver se ele realmente seria necess\u00e1rio.<\/p>\n\n\n\n<p class=\"has-medium-font-size\"><\/p>\n\n\n\n<hr class=\"wp-block-separator has-alpha-channel-opacity\"\/>\n\n\n\n<h1 class=\"wp-block-heading has-medium-font-size\">O que eu faria diferente se montasse o enxoval novamente<\/h1>\n\n\n\n<p>Se fosse necess\u00e1rio montar o enxoval do zero com o conhecimento que tenho agora, eu repensaria em muitos itens. No caso das fraldas e roupas, eu n\u00e3o faria um estoque e iria comprando conforme a demanda. J\u00e1 que no meu caso teve roupas RN que meu beb\u00ea nem teve a oportunidade de usar pois cresceu muito r\u00e1pido. Eu guardaria uma economia. Para ir gastando com o beb\u00ea conforme a necessidade. Investiria em itens, que o beb\u00ea usa por mais tempo, como por exemplo beb\u00ea conforto, ber\u00e7o, cobertores e itens de higiene.<\/p>\n\n\n\n<hr class=\"wp-block-separator has-alpha-channel-opacity\"\/>\n\n\n\n<hr class=\"wp-block-separator has-alpha-channel-opacity\"\/>\n\n\n\n<h1 class=\"wp-block-heading\">Lista de coisas para rec\u00e9m-nascido para imprimir:<\/h1>\n\n\n\n<p>Clique para baixar Lista de Coisas para Rec\u00e9m-nascido <\/p>\n\n\n\n<p>Clique para baixar Lista de Coisas para beb\u00ea<\/p>\n\n\n\n<p>Clique para baixar Lista de Coisas para Maternidade<\/p>\n\n\n\n<hr class=\"wp-block-separator has-alpha-channel-opacity\"\/>\n\n\n\n<h1 class=\"wp-block-heading\">Perguntas frequentes sobre lista de coisas para beb\u00ea<\/h1>\n\n\n\n<h3 class=\"wp-block-heading\">O que n\u00e3o pode faltar na lista de coisas para beb\u00ea?<\/h3>\n\n\n\n<p>Os itens mais importantes s\u00e3o roupas b\u00e1sicas, fraldas, produtos de higiene, banheira, ber\u00e7o, beb\u00ea conforto e itens para alimenta\u00e7\u00e3o. Esses costumam fazer parte da rotina desde os primeiros dias.<\/p>\n\n\n\n<hr class=\"wp-block-separator has-alpha-channel-opacity\"\/>\n\n\n\n<h3 class=\"wp-block-heading\">O que comprar primeiro para o beb\u00ea?<\/h3>\n\n\n\n<p>O ideal \u00e9 come\u00e7ar pelos itens essenciais, como roupas, fraldas, produtos de higiene, ber\u00e7o e beb\u00ea conforto. Depois, aos poucos, voc\u00ea pode completar o restante do enxoval.<\/p>\n\n\n\n<hr class=\"wp-block-separator has-alpha-channel-opacity\"\/>\n\n\n\n<h3 class=\"wp-block-heading\">Quando devo come\u00e7ar a comprar o enxoval do beb\u00ea?<\/h3>\n\n\n\n<p>Muitas fam\u00edlias come\u00e7am a montar o enxoval entre o segundo e o terceiro trimestre da gravidez. Assim, \u00e9 poss\u00edvel pesquisar pre\u00e7os com calma e evitar compras de \u00faltima hora.<\/p>\n\n\n\n<hr class=\"wp-block-separator has-alpha-channel-opacity\"\/>\n\n\n\n<h3 class=\"wp-block-heading\">Quantos bodies um rec\u00e9m-nascido precisa?<\/h3>\n\n\n\n<p>Em geral, entre 6 e 8 bodies costumam ser suficientes para os primeiros dias. A quantidade ideal pode variar conforme a frequ\u00eancia das lavagens e a esta\u00e7\u00e3o do ano.<\/p>\n\n\n\n<hr class=\"wp-block-separator has-alpha-channel-opacity\"\/>\n\n\n\n<h3 class=\"wp-block-heading\">Quantos macac\u00f5es devo comprar?<\/h3>\n\n\n\n<p>Ter entre 5 e 8 macac\u00f5es costuma atender bem a maioria dos rec\u00e9m-nascidos. Como os beb\u00eas crescem r\u00e1pido, vale a pena evitar exageros.<\/p>\n\n\n\n<hr class=\"wp-block-separator has-alpha-channel-opacity\"\/>\n\n\n\n<h3 class=\"wp-block-heading\">Quantas fraldas comprar antes do beb\u00ea nascer?<\/h3>\n\n\n\n<p>\u00c9 recomendado comprar poucas fraldas no tamanho RN, pois alguns beb\u00eas usam esse tamanho por pouco tempo. Muitas fam\u00edlias preferem investir mais no tamanho P.<\/p>\n\n\n\n<hr class=\"wp-block-separator has-alpha-channel-opacity\"\/>\n\n\n\n<h3 class=\"wp-block-heading\">Preciso comprar mamadeira antes do beb\u00ea nascer?<\/h3>\n\n\n\n<p>Nem sempre. Se a inten\u00e7\u00e3o \u00e9 amamentar exclusivamente, muitas m\u00e3es preferem esperar para ver se a mamadeira realmente ser\u00e1 necess\u00e1ria.<\/p>\n\n\n\n<hr class=\"wp-block-separator has-alpha-channel-opacity\"\/>\n\n\n\n<h3 class=\"wp-block-heading\">Vale a pena comprar bomba tira-leite?<\/h3>\n\n\n\n<p>Sim, principalmente para quem pretende amamentar. Ela pode facilitar a retirada e o armazenamento do leite materno em diversas situa\u00e7\u00f5es.<\/p>\n\n\n\n<hr class=\"wp-block-separator has-alpha-channel-opacity\"\/>\n\n\n\n<h3 class=\"wp-block-heading\">O que realmente \u00e9 indispens\u00e1vel para um rec\u00e9m-nascido?<\/h3>\n\n\n\n<p>Roupinhas confort\u00e1veis, fraldas, produtos de higiene, um local seguro para dormir, beb\u00ea conforto e muito carinho s\u00e3o os itens que n\u00e3o podem faltar nos primeiros meses.<\/p>\n\n\n\n<hr class=\"wp-block-separator has-alpha-channel-opacity\"\/>\n\n\n\n<h3 class=\"wp-block-heading\">O que pode ficar para comprar depois?<\/h3>\n\n\n\n<p>Alguns itens, como brinquedos, cadeir\u00e3o de alimenta\u00e7\u00e3o, copinhos, pratos infantis e algumas mamadeiras, podem ser comprados conforme o beb\u00ea cresce e a necessidade aparece.<\/p>\n\n\n\n<hr class=\"wp-block-separator has-alpha-channel-opacity\"\/>\n\n\n\n<h3 class=\"wp-block-heading\">Como economizar no enxoval do beb\u00ea?<\/h3>\n\n\n\n<p>Uma boa dica \u00e9 comprar apenas os itens essenciais, aproveitar promo\u00e7\u00f5es, montar o enxoval aos poucos e evitar comprar grandes quantidades de roupas do mesmo tamanho.<\/p>\n\n\n\n<hr class=\"wp-block-separator has-alpha-channel-opacity\"\/>\n\n\n\n<h3 class=\"wp-block-heading\">Toda lista de coisas para rec\u00e9m-nascido precisa ser completa?<\/h3>\n\n\n\n<p>N\u00e3o. Cada beb\u00ea e cada fam\u00edlia t\u00eam necessidades diferentes. O mais importante \u00e9 garantir os itens essenciais e adaptar a lista \u00e0 sua realidade e ao seu or\u00e7amento.<\/p>\n\n\n\n<div class=\"wp-block-columns is-layout-flex wp-container-core-columns-is-layout-9d6595d7 wp-block-columns-is-layout-flex\">\n<div class=\"wp-block-column is-layout-flow wp-block-column-is-layout-flow\" style=\"flex-basis:100%\">\n<details class=\"wp-block-details is-layout-flow wp-block-details-is-layout-flow\"><summary>Espero que esta lista de coisas para beb\u00ea ajude voc\u00ea a montar o enxoval com mais tranquilidade. Foi exatamente a lista que eu gostaria de ter encontrado quando estava gr\u00e1vida e completamente perdida sem saber por onde come\u00e7ar.<\/summary>\n<p><\/p>\n<\/details>\n<\/div>\n<\/div>\n\n\n\n<h2 class=\"wp-block-heading\">Conclus\u00e3o<\/h2>\n\n\n\n<p>Montar a lista de coisas para beb\u00ea pode parecer dif\u00edcil no come\u00e7o, e eu tamb\u00e9m me senti perdida durante a minha gravidez. Depois de viver essa experi\u00eancia, percebi que nem tudo precisa ser comprado de uma vez e que os itens essenciais fazem toda a diferen\u00e7a. Espero que esta lista de coisas para rec\u00e9m-nascido ajude voc\u00ea a se preparar com mais tranquilidade. Aproveite cada momento dessa fase t\u00e3o especial, porque ela passa mais r\u00e1pido do que imaginamos.<\/p>\n\n\n\n<hr class=\"wp-block-separator has-alpha-channel-opacity\"\/>\n\n\n\n<h2 class=\"wp-block-heading\">Varia\u00e7\u00f5es sem\u00e2nticas<\/h2>\n\n\n\n<ul class=\"wp-block-list\">\n<li>lista de compras para beb\u00ea<\/li>\n\n\n\n<li>lista de compras para rec\u00e9m-nascido<\/li>\n\n\n\n<li>enxoval de beb\u00ea<\/li>\n\n\n\n<li>lista de enxoval de beb\u00ea<\/li>\n\n\n\n<li>enxoval para rec\u00e9m-nascido<\/li>\n\n\n\n<li>o que comprar para o beb\u00ea<\/li>\n\n\n\n<li>o que comprar antes do beb\u00ea nascer<\/li>\n\n\n\n<li>primeira compra do beb\u00ea<\/li>\n\n\n\n<li>checklist do beb\u00ea<\/li>\n\n\n\n<li>checklist do enxoval<\/li>\n\n\n\n<li>itens para rec\u00e9m-nascido<\/li>\n\n\n\n<li>itens essenciais para o beb\u00ea<\/li>\n\n\n\n<li>o que n\u00e3o pode faltar no enxoval<\/li>\n\n\n\n<li>mala da maternidade<\/li>\n\n\n\n<li>enxoval de primeira viagem<\/li>\n<\/ul>\n\n\n\n<blockquote class=\"wp-block-quote is-layout-flow wp-block-quote-is-layout-flow\"><\/blockquote>\n\n\n\n<h2 class=\"wp-block-heading\">Leia tamb\u00e9m:<\/h2>\n\n\n\n<p>\ud83d\udc76 <strong>Por que o beb\u00ea chora quando nasce?<mark style=\"background-color:rgba(0, 0, 0, 0)\" class=\"has-inline-color has-vivid-cyan-blue-color\"> <\/mark><\/strong><a href=\"https:\/\/mundialize.com.br\/pt_br\/porque-o-bebe-chora-quando-nasce-4-motivos\/\" data-type=\"link\" data-id=\"https:\/\/mundialize.com.br\/pt_br\/porque-o-bebe-chora-quando-nasce-4-motivos\/\"><mark style=\"background-color:rgba(0, 0, 0, 0)\" class=\"has-inline-color has-vivid-cyan-blue-color\">Entenda os primeiros momentos do rec\u00e9m-nascido<\/mark><\/a><br><\/p>\n\n\n\n<p>\ud83c\udf7c <strong>Se eu soubesse disso antes de amamentar, <\/strong><a href=\"https:\/\/mundialize.com.br\/pt_br\/se-eu-soubesse-disso-antes-de-amamentar-tudo-teria-sido-diferente\/\" data-type=\"link\" data-id=\"https:\/\/mundialize.com.br\/pt_br\/se-eu-soubesse-disso-antes-de-amamentar-tudo-teria-sido-diferente\/\"><mark style=\"background-color:rgba(0, 0, 0, 0)\" class=\"has-inline-color has-vivid-cyan-blue-color\">tudo teria sido diferente<\/mark><\/a><br><\/p>\n\n\n\n<p>\ud83e\udd31 <strong>Por que amamentar emagrece? <\/strong><a href=\"https:\/\/mundialize.com.br\/pt_br\/por-que-amamentar-emagrece\/\" data-type=\"link\" data-id=\"https:\/\/mundialize.com.br\/pt_br\/por-que-amamentar-emagrece\/\"><mark style=\"background-color:rgba(0, 0, 0, 0)\" class=\"has-inline-color has-vivid-cyan-blue-color\">Entenda essa rela\u00e7\u00e3o durante a maternidade<\/mark><\/a><br><\/p>\n\n\n\n<p>\ud83c\udf7c <strong>Os 5 alimentos que mais <\/strong><a href=\"https:\/\/mundialize.com.br\/pt_br\/os-5-alimentos-que-mais-deram-colica-no-meu-bebe\/\" data-type=\"link\" data-id=\"https:\/\/mundialize.com.br\/pt_br\/os-5-alimentos-que-mais-deram-colica-no-meu-bebe\/\"><mark style=\"background-color:rgba(0, 0, 0, 0)\" class=\"has-inline-color has-vivid-cyan-blue-color\">deram c\u00f3lica no meu beb\u00ea<\/mark><\/a><br><\/p>\n\n\n\n<p>\ud83d\udc76 <strong>Beb\u00ea fazendo for\u00e7a \u00e9 normal? <\/strong><a href=\"https:\/\/mundialize.com.br\/pt_br\/bebe-fazendo-forca-e-normal-descobri-que-isso-era-mais-comum-do-que-imaginava\/\" data-type=\"link\" data-id=\"https:\/\/mundialize.com.br\/pt_br\/bebe-fazendo-forca-e-normal-descobri-que-isso-era-mais-comum-do-que-imaginava\/\"><mark style=\"background-color:rgba(0, 0, 0, 0)\" class=\"has-inline-color has-vivid-cyan-blue-color\">Descobri que isso era mais comum do que imaginava<\/mark><\/a><br><\/p>\n\n\n\n<p>\ud83e\uddf7 <strong>Quantas fraldas um rec\u00e9m-nascido usa por dia? <\/strong><a href=\"https:\/\/mundialize.com.br\/pt_br\/quantas-fraldas-um-recem-nascido-usa-por-dia\/\" data-type=\"link\" data-id=\"https:\/\/mundialize.com.br\/pt_br\/quantas-fraldas-um-recem-nascido-usa-por-dia\/\"><mark style=\"background-color:rgba(0, 0, 0, 0)\" class=\"has-inline-color has-vivid-cyan-blue-color\">Veja o que aprendi com meu beb\u00ea<\/mark><\/a><br><\/p>\n","protected":false},"excerpt":{"rendered":"<p>Lista de coisas para beb\u00ea completa e atualizada. Confira a lista de coisas para rec\u00e9m-nascido, enxoval, maternidade e os itens que realmente usei com meu filho. Lista de coisas para beb\u00ea: a lista completa que eu gostaria de ter encontrado na minha primeira gravidez<\/p>\n","protected":false},"author":1,"featured_media":2624,"comment_status":"open","ping_status":"open","sticky":false,"template":"","format":"standard","meta":{"footnotes":""},"categories":[1,168],"tags":[],"class_list":["post-2614","post","type-post","status-publish","format-standard","has-post-thumbnail","hentry","category-blog","category-maternidade"],"_links":{"self":[{"href":"https:\/\/mundialize.com.br\/pt_br\/wp-json\/wp\/v2\/posts\/2614","targetHints":{"allow":["GET"]}}],"collection":[{"href":"https:\/\/mundialize.com.br\/pt_br\/wp-json\/wp\/v2\/posts"}],"about":[{"href":"https:\/\/mundialize.com.br\/pt_br\/wp-json\/wp\/v2\/types\/post"}],"author":[{"embeddable":true,"href":"https:\/\/mundialize.com.br\/pt_br\/wp-json\/wp\/v2\/users\/1"}],"replies":[{"embeddable":true,"href":"https:\/\/mundialize.com.br\/pt_br\/wp-json\/wp\/v2\/comments?post=2614"}],"version-history":[{"count":11,"href":"https:\/\/mundialize.com.br\/pt_br\/wp-json\/wp\/v2\/posts\/2614\/revisions"}],"predecessor-version":[{"id":2629,"href":"https:\/\/mundialize.com.br\/pt_br\/wp-json\/wp\/v2\/posts\/2614\/revisions\/2629"}],"wp:featuredmedia":[{"embeddable":true,"href":"https:\/\/mundialize.com.br\/pt_br\/wp-json\/wp\/v2\/media\/2624"}],"wp:attachment":[{"href":"https:\/\/mundialize.com.br\/pt_br\/wp-json\/wp\/v2\/media?parent=2614"}],"wp:term":[{"taxonomy":"category","embeddable":true,"href":"https:\/\/mundialize.com.br\/pt_br\/wp-json\/wp\/v2\/categories?post=2614"},{"taxonomy":"post_tag","embeddable":true,"href":"https:\/\/mundialize.com.br\/pt_br\/wp-json\/wp\/v2\/tags?post=2614"}],"curies":[{"name":"wp","href":"https:\/\/api.w.org\/{rel}","templated":true}]}}