{"id":2642,"date":"2026-08-18T15:13:43","date_gmt":"2026-08-18T18:13:43","guid":{"rendered":"https:\/\/mundialize.com.br\/?p=2642"},"modified":"2026-08-18T23:08:49","modified_gmt":"2026-08-19T02:08:49","slug":"quando-o-bebe-comeca-a-dormir-a-noite-toda","status":"publish","type":"post","link":"https:\/\/mundialize.com.br\/pt_br\/quando-o-bebe-comeca-a-dormir-a-noite-toda\/","title":{"rendered":"Quando o beb\u00ea come\u00e7a a dormir a noite toda? A resposta me surpreendeu"},"content":{"rendered":"\n<p class=\"has-medium-font-size\">Se voc\u00ea tamb\u00e9m est\u00e1 acordando v\u00e1rias vezes durante a madrugada, provavelmente j\u00e1 se perguntou: <strong>afinal, quando o beb\u00ea come\u00e7a a dormir a noite toda?<\/strong><\/p>\n\n\n\n<p class=\"has-medium-font-size\">Eu tamb\u00e9m queria muito saber a resposta.<\/p>\n\n\n\n<p class=\"has-medium-font-size\">Meu beb\u00ea vai completar 6 meses e, desde os primeiros meses, nossas noites foram mudando bastante. Teve uma fase em que ele acordava quatro ou at\u00e9 cinco vezes durante a madrugada. <\/p>\n\n\n\n<p class=\"has-medium-font-size\">No meu caso, ele n\u00e3o passou a dormir a noite toda de uma hora para outra. Foi uma mudan\u00e7a gradual.<\/p>\n\n\n\n<p class=\"has-medium-font-size\">Hoje, ele j\u00e1 consegue dormir por per\u00edodos maiores, embora ainda acorde algumas vezes para mamar.<\/p>\n\n\n\n<p class=\"has-medium-font-size\">Foi vivendo isso que percebi uma coisa que me surpreendeu: <strong>n\u00e3o existe uma idade m\u00e1gica em que todos os beb\u00eas simplesmente passam a dormir a noite inteira.<\/strong><\/p>\n\n\n\n<p class=\"has-medium-font-size\">O sono vai mudando aos poucos, e cada beb\u00ea parece encontrar o seu pr\u00f3prio ritmo.<\/p>\n\n\n\n<p class=\"has-medium-font-size\">Neste artigo, vou compartilhar o que aconteceu comigo, como o sono do meu beb\u00ea mudou em cada fase e algumas coisas simples que percebi que ajudaram nossas noites a ficarem melhores.<\/p>\n\n\n\n<h2 class=\"wp-block-heading has-medium-font-size\">Quando o beb\u00ea come\u00e7a a dormir a noite toda?<\/h2>\n\n\n\n<p class=\"has-medium-font-size\">Se tem uma coisa que eu aprendi depois que virei m\u00e3e \u00e9 que o beb\u00ea n\u00e3o come\u00e7a necessariamente a dormir a noite toda de uma hora para outra.<\/p>\n\n\n\n<p class=\"has-medium-font-size\">Nos primeiros meses, meu beb\u00ea acordava v\u00e1rias vezes durante a madrugada. Em algumas fases, eram quatro ou at\u00e9 cinco vezes para mamar.<\/p>\n\n\n\n<p class=\"has-medium-font-size\">E temos que concordar: n\u00e3o \u00e9 f\u00e1cil.<\/p>\n\n\n\n<p class=\"has-medium-font-size\">No meu caso, as noites foram mudando aos poucos.<\/p>\n\n\n\n<p class=\"has-medium-font-size\">Primeiro, meu beb\u00ea come\u00e7ou a conseguir dormir por per\u00edodos maiores. Depois, percebi que os despertares come\u00e7aram a ficar mais espa\u00e7ados.<\/p>\n\n\n\n<p class=\"has-medium-font-size\">Hoje, perto dos 6 meses, ele ainda acorda algumas vezes para mamar, mas consigo perceber uma diferen\u00e7a enorme em compara\u00e7\u00e3o com os primeiros meses.<\/p>\n\n\n\n<h2 class=\"wp-block-heading has-medium-font-size\">O que significa realmente \u201cdormir a noite toda\u201d?<\/h2>\n\n\n\n<p class=\"has-medium-font-size\">Quando algu\u00e9m fala que o beb\u00ea come\u00e7ou a <strong>dormir a noite toda<\/strong>, \u00e9 comum imaginar que ele vai passar 10 ou 12 horas seguidas dormindo sem nenhum despertar.<\/p>\n\n\n\n<p class=\"has-medium-font-size\">Mas a realidade pode ser bem diferente.<\/p>\n\n\n\n<p class=\"has-medium-font-size\">Um beb\u00ea pode ter pequenos despertares durante a noite e conseguir voltar a dormir rapidamente. Tamb\u00e9m pode come\u00e7ar a aumentar aos poucos o per\u00edodo em que consegue permanecer dormindo.<\/p>\n\n\n\n<p class=\"has-medium-font-size\">Por isso, eu n\u00e3o ficaria presa a uma <a href=\"https:\/\/www.healthychildren.org\/English\/ages-stages\/baby\/sleep\/Pages\/getting-your-baby-to-sleep.aspx?utm_source=chatgpt.com\" data-type=\"link\" data-id=\"https:\/\/www.healthychildren.org\/English\/ages-stages\/baby\/sleep\/Pages\/getting-your-baby-to-sleep.aspx?utm_source=chatgpt.com\" target=\"_blank\" rel=\"noopener\"><mark style=\"background-color:rgba(0, 0, 0, 0)\" class=\"has-inline-color has-vivid-cyan-blue-color\">quantidade exata de horas<\/mark><\/a>.<\/p>\n\n\n\n<p class=\"has-medium-font-size\">Quando estamos cansadas, \u00e9 claro que sonhamos com aquela noite em que o beb\u00ea vai dormir por muitas horas seguidas.<\/p>\n\n\n\n<p class=\"has-medium-font-size\">Eu mesma j\u00e1 pensei muito nisso.<\/p>\n\n\n\n<p class=\"has-medium-font-size\">Mas, com o meu beb\u00ea, percebi que essa mudan\u00e7a aconteceu aos poucos.<\/p>\n\n\n\n<p class=\"has-medium-font-size\">Primeiro vieram per\u00edodos maiores de sono. Depois, os despertares come\u00e7aram a diminuir. E, pouco a pouco, nossas noites ficaram mais tranquilas.<\/p>\n\n\n\n<p class=\"has-medium-font-size\">Ent\u00e3o, se o seu beb\u00ea ainda acorda durante a madrugada, isso n\u00e3o significa automaticamente que existe algum problema.<\/p>\n\n\n\n<p class=\"has-medium-font-size\">Cada beb\u00ea tem seu pr\u00f3prio ritmo, e as necessidades tamb\u00e9m mudam conforme ele cresce.<\/p>\n\n\n\n<h2 class=\"wp-block-heading has-medium-font-size\">Com quantos meses o beb\u00ea come\u00e7a a dormir a noite toda?<\/h2>\n\n\n\n<figure class=\"wp-block-image size-large\"><img loading=\"lazy\" decoding=\"async\" width=\"1024\" height=\"536\" src=\"https:\/\/mundialize.com.br\/wp-content\/uploads\/2026\/08\/mae_bebe_google_discover_1200x628-1024x536.webp\" alt=\"Quando o beb\u00ea come\u00e7a a dormir a noite toda? A resposta me surpreendeu\" class=\"wp-image-2658\" srcset=\"https:\/\/mundialize.com.br\/wp-content\/uploads\/2026\/08\/mae_bebe_google_discover_1200x628-1024x536.webp 1024w, https:\/\/mundialize.com.br\/wp-content\/uploads\/2026\/08\/mae_bebe_google_discover_1200x628-300x157.webp 300w, https:\/\/mundialize.com.br\/wp-content\/uploads\/2026\/08\/mae_bebe_google_discover_1200x628-768x402.webp 768w, https:\/\/mundialize.com.br\/wp-content\/uploads\/2026\/08\/mae_bebe_google_discover_1200x628-18x9.webp 18w, https:\/\/mundialize.com.br\/wp-content\/uploads\/2026\/08\/mae_bebe_google_discover_1200x628.webp 1200w\" sizes=\"auto, (max-width: 1024px) 100vw, 1024px\" \/><figcaption class=\"wp-element-caption\">Foto (Acervo pessoal\/Mundialize)<\/figcaption><\/figure>\n\n\n\n<p class=\"has-medium-font-size\"><strong>Resposta curta: n\u00e3o existe uma idade exata.<\/strong><\/p>\n\n\n\n<p class=\"has-medium-font-size\">Alguns beb\u00eas come\u00e7am a dormir por per\u00edodos maiores ainda nos primeiros meses. Outros continuam acordando durante a madrugada mesmo depois dos 6 meses ou mais.<\/p>\n\n\n\n<p class=\"has-medium-font-size\">O sono tamb\u00e9m n\u00e3o acontece da mesma forma para todos os beb\u00eas.<\/p>\n\n\n\n<p class=\"has-medium-font-size\">Por isso, em vez de esperar uma idade espec\u00edfica, acho mais interessante entender o que pode acontecer em cada fase.<\/p>\n\n\n\n<h3 class=\"wp-block-heading has-medium-font-size\">Rec\u00e9m-nascido: de 0 a 3 meses<\/h3>\n\n\n\n<p class=\"has-medium-font-size\">Nessa fase, o beb\u00ea passa boa parte do tempo dormindo, mas tamb\u00e9m costuma acordar com frequ\u00eancia para se alimentar.<\/p>\n\n\n\n<p class=\"has-medium-font-size\">No meu caso, meu beb\u00ea dormia bastante, mas acordava algumas vezes durante a noite para mamar.<\/p>\n\n\n\n<p class=\"has-medium-font-size\">Eu tamb\u00e9m percebia que, quando ele come\u00e7ava a se mexer, muitas vezes era mais f\u00e1cil acalm\u00e1-lo antes que o choro aumentasse.<\/p>\n\n\n\n<p class=\"has-medium-font-size\">Quando ele come\u00e7ava a chorar, eu percebia que ficava mais dif\u00edcil faz\u00ea-lo voltar a dormir.<\/p>\n\n\n\n<p class=\"has-medium-font-size\">Ent\u00e3o, muitas vezes, eu precisava andar com ele pela casa, balan\u00e7ar suavemente e fazer aquele famoso <strong>\u201cshhh\u201d<\/strong> para ajud\u00e1-lo a se acalmar e pegar no sono novamente.<\/p>\n\n\n\n<p class=\"has-medium-font-size\">Essa foi uma fase em que eu percebi como o sono do beb\u00ea ainda estava mudando.<\/p>\n\n\n\n<p class=\"has-medium-font-size\"><strong>Resumo da minha experi\u00eancia:<\/strong> entre 0 e 3 meses, meu beb\u00ea chegou a acordar quatro e, algumas vezes, at\u00e9 cinco vezes durante a noite para se alimentar. Depois de mamar, geralmente conseguia dormir novamente.<\/p>\n\n\n\n<p class=\"has-medium-font-size\">Tamb\u00e9m tiveram algumas noites, embora tenham sido poucas, em que eu fiquei realmente exausta porque ele n\u00e3o queria dormir.<\/p>\n\n\n\n<p class=\"has-medium-font-size\">Eu lembro de como essas noites pareciam longas.<\/p>\n\n\n\n<p class=\"has-medium-font-size\">Mas tamb\u00e9m aprendi que uma noite mais dif\u00edcil n\u00e3o significa necessariamente que todas as pr\u00f3ximas ser\u00e3o iguais.<\/p>\n\n\n\n<h3 class=\"wp-block-heading has-medium-font-size\">Entre 3 e 6 meses<\/h3>\n\n\n\n<p class=\"has-medium-font-size\">Foi nessa fase que comecei a perceber mudan\u00e7as maiores no sono do meu beb\u00ea.<\/p>\n\n\n\n<p class=\"has-medium-font-size\">Alguns beb\u00eas podem come\u00e7ar a prolongar o per\u00edodo de sono nessa idade, mas isso varia bastante.<\/p>\n\n\n\n<p class=\"has-medium-font-size\">Eu percebi que o amadurecimento do beb\u00ea e o tempo que ele passava acordado durante o dia pareciam fazer diferen\u00e7a na hora de dormir.<\/p>\n\n\n\n<p class=\"has-medium-font-size\">Foi tamb\u00e9m nessa fase que comecei a prestar mais aten\u00e7\u00e3o ao tempo que meu beb\u00ea conseguia ficar acordado.<\/p>\n\n\n\n<p class=\"has-medium-font-size\">Eu fa\u00e7o o poss\u00edvel para que ele n\u00e3o fique acordado por mais de aproximadamente duas horas e meia seguidas, porque percebi que esse per\u00edodo funciona bem para ele.<\/p>\n\n\n\n<p class=\"has-medium-font-size\">Mas isso \u00e9 algo que percebi <strong>no meu pr\u00f3prio beb\u00ea<\/strong>. N\u00e3o significa que duas horas e meia sejam uma regra para todos.<\/p>\n\n\n\n<p class=\"has-medium-font-size\">Durante o dia, sempre tento colocar meu beb\u00ea para dormir, embora ele normalmente n\u00e3o durma por muito tempo.<\/p>\n\n\n\n<p class=\"has-medium-font-size\">Percebi que esses pequenos momentos de descanso ajudam meu beb\u00ea a relaxar e a n\u00e3o ficar t\u00e3o irritado.<\/p>\n\n\n\n<p class=\"has-medium-font-size\">Hoje, meu filho praticamente dorme a noite toda, mas ainda acorda algumas vezes para se alimentar.<\/p>\n\n\n\n<p class=\"has-medium-font-size\">\u00c0s vezes, ele acorda duas vezes. Em outras noites, tr\u00eas.<\/p>\n\n\n\n<p class=\"has-medium-font-size\">Eu o amamento e, depois, ele costuma dormir novamente.<\/p>\n\n\n\n<p class=\"has-medium-font-size\">Essa foi uma das maiores diferen\u00e7as que percebi em rela\u00e7\u00e3o aos primeiros meses.<\/p>\n\n\n\n<p class=\"has-medium-font-size\">Antes, os despertares eram muito mais frequentes. Agora, mesmo ainda acordando algumas vezes, consigo perceber que ele consegue voltar a dormir com mais facilidade.<\/p>\n\n\n\n<p class=\"has-medium-font-size\">Se o seu beb\u00ea tamb\u00e9m acorda v\u00e1rias vezes durante a noite, principalmente se isso vier acompanhado de outros sinais que preocupem voc\u00ea, vale conversar com o pediatra que acompanha a crian\u00e7a.<\/p>\n\n\n\n<h3 class=\"wp-block-heading has-medium-font-size\">Entre 6 e 12 meses<\/h3>\n\n\n\n<p class=\"has-medium-font-size\">Essa \u00e9 uma fase que eu ainda vou come\u00e7ar a viver por aqui, j\u00e1 que meu beb\u00ea est\u00e1 quase fazendo 6 meses.<\/p>\n\n\n\n<p class=\"has-medium-font-size\">Por isso, prefiro n\u00e3o falar como se j\u00e1 soubesse exatamente como ser\u00e3o nossas noites nessa fase.<\/p>\n\n\n\n<p class=\"has-medium-font-size\">Ainda vou descobrir.<\/p>\n\n\n\n<p class=\"has-medium-font-size\">Mas uma coisa que j\u00e1 aprendi \u00e9 que o sono pode continuar mudando conforme o beb\u00ea cresce.<\/p>\n\n\n\n<p class=\"has-medium-font-size\">Alguns beb\u00eas conseguem per\u00edodos maiores de sono durante a noite, enquanto outros continuam acordando uma ou mais vezes.<\/p>\n\n\n\n<p class=\"has-medium-font-size\">Ent\u00e3o, vou descobrir aos poucos como ser\u00e1 essa pr\u00f3xima fase por aqui.<\/p>\n\n\n\n<p class=\"has-medium-font-size\">Acredito que essa tamb\u00e9m seja uma das partes mais interessantes da maternidade: a gente pensa que finalmente entendeu uma fase e, logo depois, o beb\u00ea muda novamente.<\/p>\n\n\n\n<h3 class=\"wp-block-heading has-medium-font-size\">Depois de 1 ano<\/h3>\n\n\n\n<p class=\"has-medium-font-size\">Depois de 1 ano, algumas crian\u00e7as j\u00e1 conseguem manter per\u00edodos maiores de sono durante a noite, mas isso tamb\u00e9m varia bastante.<\/p>\n\n\n\n<p class=\"has-medium-font-size\">Mas isso n\u00e3o significa que nunca mais v\u00e3o acordar.<\/p>\n\n\n\n<p class=\"has-medium-font-size\">Uma crian\u00e7a pode despertar de vez em quando por diferentes motivos, como mudan\u00e7as na rotina, desconfortos, denti\u00e7\u00e3o, sonhos ou simplesmente porque precisa de conforto.<\/p>\n\n\n\n<p class=\"has-medium-font-size\">Por isso, mesmo depois de 1 ano, n\u00e3o d\u00e1 para dizer que todas as crian\u00e7as v\u00e3o dormir a noite inteira da mesma maneira.<\/p>\n\n\n\n<p class=\"has-medium-font-size\">No fim, continuo acreditando naquilo que aprendi com meu pr\u00f3prio beb\u00ea: <strong>cada crian\u00e7a tem seu pr\u00f3prio ritmo.<\/strong><\/p>\n\n\n\n<p class=\"has-medium-font-size\">Algumas come\u00e7am a dormir por per\u00edodos maiores mais cedo, enquanto outras precisam de mais tempo.<\/p>\n\n\n\n<h2 class=\"wp-block-heading has-medium-font-size\">Por que alguns beb\u00eas demoram mais para dormir a noite toda?<\/h2>\n\n\n\n<p class=\"has-medium-font-size\">Existem v\u00e1rios motivos pelos quais o sono de um beb\u00ea pode mudar durante os primeiros meses.<\/p>\n\n\n\n<p class=\"has-medium-font-size\">Alguns dos mais comuns incluem:<\/p>\n\n\n\n<h3 class=\"wp-block-heading has-medium-font-size\">Fome durante a madrugada<\/h3>\n\n\n\n<p class=\"has-medium-font-size\">Dependendo da idade e das necessidades do beb\u00ea, ele ainda pode acordar durante a noite para se alimentar.<\/p>\n\n\n\n<p class=\"has-medium-font-size\">Foi exatamente isso que aconteceu comigo.<\/p>\n\n\n\n<p class=\"has-medium-font-size\">Mesmo agora, perto dos 6 meses, meu beb\u00ea ainda acorda algumas vezes para mamar.<\/p>\n\n\n\n<h3 class=\"wp-block-heading has-medium-font-size\">Temperamento do beb\u00ea<\/h3>\n\n\n\n<p class=\"has-medium-font-size\">Alguns beb\u00eas parecem conseguir se acalmar com mais facilidade, enquanto outros precisam de mais colo, contato e ajuda para voltar a dormir.<\/p>\n\n\n\n<p class=\"has-medium-font-size\">Cada beb\u00ea pode reagir de uma maneira diferente.<\/p>\n\n\n\n<h3 class=\"wp-block-heading has-medium-font-size\">Denti\u00e7\u00e3o<\/h3>\n\n\n\n<p class=\"has-medium-font-size\">Quando os dentes come\u00e7am a nascer, alguns beb\u00eas podem ficar mais incomodados.<\/p>\n\n\n\n<p class=\"has-medium-font-size\">Isso pode acabar interferindo no sono e fazendo com que um beb\u00ea que estava dormindo melhor volte a acordar mais vezes.<\/p>\n\n\n\n<h3 class=\"wp-block-heading has-medium-font-size\">Mudan\u00e7as no desenvolvimento<\/h3>\n\n\n\n<p class=\"has-medium-font-size\">O beb\u00ea passa por muitas mudan\u00e7as nos primeiros meses.<\/p>\n\n\n\n<p class=\"has-medium-font-size\">Ele come\u00e7a a se movimentar mais, prestar aten\u00e7\u00e3o em mais coisas e descobrir o pr\u00f3prio corpo.<\/p>\n\n\n\n<p class=\"has-medium-font-size\">Essas mudan\u00e7as podem vir acompanhadas de altera\u00e7\u00f5es tempor\u00e1rias no sono.<\/p>\n\n\n\n<h3 class=\"wp-block-heading has-medium-font-size\">Necessidade de conforto<\/h3>\n\n\n\n<p class=\"has-medium-font-size\">\u00c0s vezes, o beb\u00ea simplesmente precisa da presen\u00e7a da m\u00e3e ou do pai para conseguir se acalmar.<\/p>\n\n\n\n<p class=\"has-medium-font-size\">No meu caso, o colo e a amamenta\u00e7\u00e3o fizeram parte de muitos momentos em que meu beb\u00ea precisava voltar a relaxar.<\/p>\n\n\n\n<h3 class=\"wp-block-heading has-medium-font-size\">Mudan\u00e7as na rotina<\/h3>\n\n\n\n<p class=\"has-medium-font-size\">Passeios, visitas, viagens ou simplesmente uma mudan\u00e7a nos hor\u00e1rios do beb\u00ea tamb\u00e9m podem fazer as noites ficarem diferentes.<\/p>\n\n\n\n<p class=\"has-medium-font-size\">Por isso, uma fase de noites mais dif\u00edceis n\u00e3o significa necessariamente que o sono do beb\u00ea piorou para sempre.<\/p>\n\n\n\n<h2 class=\"wp-block-heading has-medium-font-size\">Sinais de que o beb\u00ea est\u00e1 come\u00e7ando a dormir melhor<\/h2>\n\n\n\n<p class=\"has-medium-font-size\">No meu caso, comecei a perceber que o sono do meu beb\u00ea estava melhorando quando algumas coisas come\u00e7aram a acontecer.<\/p>\n\n\n\n<p class=\"has-medium-font-size\">Entre elas:<\/p>\n\n\n\n<ul class=\"wp-block-list\">\n<li class=\"has-medium-font-size\">Ele come\u00e7ou a acordar menos vezes.<\/li>\n\n\n\n<li class=\"has-medium-font-size\">Conseguia voltar a dormir mais rapidamente.<\/li>\n\n\n\n<li class=\"has-medium-font-size\">Os per\u00edodos de sono durante a noite ficaram maiores.<\/li>\n\n\n\n<li class=\"has-medium-font-size\">Os momentos de descanso durante o dia come\u00e7aram a ficar mais previs\u00edveis.<\/li>\n\n\n\n<li class=\"has-medium-font-size\">Percebi que ele ficava mais tranquilo quando conseguia descansar bem.<\/li>\n<\/ul>\n\n\n\n<p class=\"has-medium-font-size\">N\u00e3o significa que todas essas coisas precisam acontecer ao mesmo tempo.<\/p>\n\n\n\n<p class=\"has-medium-font-size\">Mas observar essas pequenas mudan\u00e7as me ajudou a perceber que o sono dele estava amadurecendo aos poucos.<\/p>\n\n\n\n<h2 class=\"wp-block-heading has-medium-font-size\">O que ajudou meu beb\u00ea a dormir por per\u00edodos maiores<\/h2>\n\n\n\n<p class=\"has-medium-font-size\">Essa \u00e9 provavelmente uma das partes que eu mais queria contar, porque foram pequenas mudan\u00e7as que percebi no dia a dia.<\/p>\n\n\n\n<p class=\"has-medium-font-size\">N\u00e3o s\u00e3o regras que funcionam para todos os beb\u00eas.<\/p>\n\n\n\n<p class=\"has-medium-font-size\">S\u00e3o coisas que <strong>funcionaram para o meu beb\u00ea<\/strong> e que fizeram diferen\u00e7a na nossa rotina.<\/p>\n\n\n\n<h3 class=\"wp-block-heading has-medium-font-size\">1. Diminuir o barulho<\/h3>\n\n\n\n<p class=\"has-medium-font-size\">Meu beb\u00ea parecia bastante sens\u00edvel aos sons.<\/p>\n\n\n\n<p class=\"has-medium-font-size\">Eu percebia que at\u00e9 um barulho pequeno podia acabar despertando ele quando estava dormindo.<\/p>\n\n\n\n<p class=\"has-medium-font-size\">Por isso, comecei a deixar o ambiente mais silencioso principalmente nos hor\u00e1rios em que ele costumava descansar.<\/p>\n\n\n\n<p class=\"has-medium-font-size\">N\u00e3o precisava ficar tudo completamente silencioso.<\/p>\n\n\n\n<p class=\"has-medium-font-size\">Mas diminuir os barulhos mais fortes ajudou bastante na nossa rotina.<\/p>\n\n\n\n<h3 class=\"wp-block-heading has-medium-font-size\">2. Come\u00e7ar a desacelerar antes da hora de dormir<\/h3>\n\n\n\n<p class=\"has-medium-font-size\">Tamb\u00e9m percebi que n\u00e3o adiantava esperar meu beb\u00ea estar completamente cansado para tentar faz\u00ea-lo dormir.<\/p>\n\n\n\n<p class=\"has-medium-font-size\">Comecei a observar os sinais de sono e diminuir os est\u00edmulos antes.<\/p>\n\n\n\n<p class=\"has-medium-font-size\">Foi uma mudan\u00e7a simples, mas que me ajudou a perceber melhor o momento em que ele estava come\u00e7ando a ficar com sono.<\/p>\n\n\n\n<h3 class=\"wp-block-heading has-medium-font-size\">3. Diminuir as luzes<\/h3>\n\n\n\n<p class=\"has-medium-font-size\">Outra coisa que comecei a perceber foi que um ambiente com menos luz ajudava a deixar o momento mais tranquilo.<\/p>\n\n\n\n<p class=\"has-medium-font-size\">Ent\u00e3o, perto dos hor\u00e1rios de descanso, procuro deixar as luzes mais baixas.<\/p>\n\n\n\n<p class=\"has-medium-font-size\">Para mim, isso acabou fazendo parte daquele momento em que a casa come\u00e7a a ficar mais calma e o beb\u00ea entende que est\u00e1 chegando a hora de descansar.<\/p>\n\n\n\n<h3 class=\"wp-block-heading has-medium-font-size\">4. Respeitar o tempo que meu beb\u00ea consegue ficar acordado<\/h3>\n\n\n\n<p class=\"has-medium-font-size\">Essa foi uma das coisas que mais observei.<\/p>\n\n\n\n<p class=\"has-medium-font-size\">Como contei anteriormente, fa\u00e7o o poss\u00edvel para que meu beb\u00ea n\u00e3o fique acordado por mais de aproximadamente duas horas e meia seguidas.<\/p>\n\n\n\n<p class=\"has-medium-font-size\">Percebi que, quando ele passa muito tempo acordado, fica mais dif\u00edcil faz\u00ea-lo relaxar.<\/p>\n\n\n\n<p class=\"has-medium-font-size\">Mas quero refor\u00e7ar uma coisa: <strong>esse foi o tempo que percebi que funciona para o meu beb\u00ea.<\/strong><\/p>\n\n\n\n<p class=\"has-medium-font-size\">N\u00e3o \u00e9 uma regra que precisa ser seguida por todos os beb\u00eas.<\/p>\n\n\n\n<p class=\"has-medium-font-size\">Cada crian\u00e7a pode ter necessidades diferentes.<\/p>\n\n\n\n<h3 class=\"wp-block-heading has-medium-font-size\">5. Evitar brincadeiras muito agitadas antes de dormir<\/h3>\n\n\n\n<p class=\"has-medium-font-size\">Tamb\u00e9m percebi que n\u00e3o era uma boa ideia deixar meu beb\u00ea muito agitado perto da hora de dormir.<\/p>\n\n\n\n<p class=\"has-medium-font-size\">Por isso, procuro deixar os momentos antes do sono mais tranquilos.<\/p>\n\n\n\n<p class=\"has-medium-font-size\">Por aqui, percebi que menos est\u00edmulos, menos barulho e um ambiente mais calmo deixavam o momento do descanso mais tranquilo.<\/p>\n\n\n\n<p class=\"has-medium-font-size\">Com o tempo, essas pequenas atitudes foram entrando naturalmente na nossa rotina.<\/p>\n\n\n\n<h2 class=\"wp-block-heading has-medium-font-size\">Como deixar o sono do beb\u00ea mais seguro?<\/h2>\n\n\n\n<p class=\"has-medium-font-size\">Quando falamos sobre fazer o beb\u00ea dormir melhor, existe uma coisa que considero ainda mais importante do que fazer o beb\u00ea dormir por mais tempo: <strong>o sono precisa ser seguro.<\/strong><\/p>\n\n\n\n<p class=\"has-medium-font-size\">As recomenda\u00e7\u00f5es da <a href=\"https:\/\/www.healthychildren.org\/English\/news\/Pages\/safe-sleep-back-is-best-avoid-soft-bedding-inclined-surfaces-and-bedsharing.aspx?utm_source=chatgpt.com\" data-type=\"link\" data-id=\"https:\/\/www.healthychildren.org\/English\/news\/Pages\/safe-sleep-back-is-best-avoid-soft-bedding-inclined-surfaces-and-bedsharing.aspx?utm_source=chatgpt.com\" target=\"_blank\" rel=\"noopener\"><mark style=\"background-color:rgba(0, 0, 0, 0)\" class=\"has-inline-color has-vivid-cyan-blue-color\">American Academy of Pediatrics<\/mark><\/a> orientam colocar o beb\u00ea para dormir de barriga para cima, em uma superf\u00edcie firme e plana, mantendo o espa\u00e7o de sono livre de travesseiros, cobertores soltos, brinquedos e outros objetos macios.<\/p>\n\n\n\n<p class=\"has-medium-font-size\">Tamb\u00e9m \u00e9 recomendado que o beb\u00ea durma no mesmo quarto dos pais, mas em uma superf\u00edcie pr\u00f3pria para ele, e n\u00e3o na mesma cama.<\/p>\n\n\n\n<p class=\"has-medium-font-size\">Ent\u00e3o, mesmo quando estamos cansadas e queremos encontrar qualquer maneira de fazer o beb\u00ea dormir por mais tempo, a seguran\u00e7a precisa vir primeiro.<\/p>\n\n\n\n<p class=\"has-medium-font-size\">Mesmo que o beb\u00ea tenha refluxo, a orienta\u00e7\u00e3o \u00e9 continuar colocando-o para dormir de barriga para cima, salvo orienta\u00e7\u00e3o m\u00e9dica espec\u00edfica.<\/p>\n\n\n\n<h2 class=\"wp-block-heading has-medium-font-size\">O que pode atrapalhar o sono do beb\u00ea?<\/h2>\n\n\n\n<p class=\"has-medium-font-size\">\u00c0s vezes, o beb\u00ea est\u00e1 cansado, mas alguma coisa est\u00e1 deixando ele desconfort\u00e1vel.<\/p>\n\n\n\n<p class=\"has-medium-font-size\">Algumas situa\u00e7\u00f5es podem interferir no sono:<\/p>\n\n\n\n<h3 class=\"wp-block-heading has-medium-font-size\">Ambiente muito claro<\/h3>\n\n\n\n<p class=\"has-medium-font-size\">Um ambiente muito iluminado pode deixar o beb\u00ea mais alerta na hora de descansar.<\/p>\n\n\n\n<p class=\"has-medium-font-size\">Por isso, gosto de diminuir as luzes quando est\u00e1 chegando o momento de dormir.<\/p>\n\n\n\n<h3 class=\"wp-block-heading has-medium-font-size\">Barulho excessivo<\/h3>\n\n\n\n<p class=\"has-medium-font-size\">Sons altos ou mudan\u00e7as bruscas no ambiente podem acabar despertando um beb\u00ea que estava dormindo.<\/p>\n\n\n\n<p class=\"has-medium-font-size\">No meu caso, percebi que meu beb\u00ea era bastante sens\u00edvel aos sons.<\/p>\n\n\n\n<h3 class=\"wp-block-heading has-medium-font-size\">Calor ou frio<\/h3>\n\n\n\n<p class=\"has-medium-font-size\">Se o beb\u00ea estiver desconfort\u00e1vel com a temperatura, isso pode atrapalhar o descanso.<\/p>\n\n\n\n<p class=\"has-medium-font-size\">Por isso, \u00e9 importante deixar o ambiente confort\u00e1vel e observar o beb\u00ea.<\/p>\n\n\n\n<h3 class=\"wp-block-heading has-medium-font-size\">Fome<\/h3>\n\n\n\n<p class=\"has-medium-font-size\">Dependendo da idade e das necessidades da crian\u00e7a, ela ainda pode precisar mamar durante a madrugada.<\/p>\n\n\n\n<p class=\"has-medium-font-size\">No meu caso, isso ainda acontece.<\/p>\n\n\n\n<h3 class=\"wp-block-heading has-medium-font-size\">C\u00f3licas e outros desconfortos<\/h3>\n\n\n\n<p class=\"has-medium-font-size\">Quando o beb\u00ea est\u00e1 sentindo algum desconforto, pode ser mais dif\u00edcil relaxar e dormir.<\/p>\n\n\n\n<h3 class=\"wp-block-heading has-medium-font-size\">Refluxo<\/h3>\n\n\n\n<p class=\"has-medium-font-size\">Alguns beb\u00eas apresentam desconforto relacionado \u00e0s mamadas e isso pode interferir no sono.<\/p>\n\n\n\n<p class=\"has-medium-font-size\">Se o beb\u00ea parece sentir muita dor, tem dificuldade para mamar ou apresenta outros sintomas que preocupam voc\u00ea, o ideal \u00e9 conversar com o pediatra.<\/p>\n\n\n\n<h3 class=\"wp-block-heading has-medium-font-size\">Mudan\u00e7as na rotina<\/h3>\n\n\n\n<p class=\"has-medium-font-size\">Passeios, viagens, visitas ou altera\u00e7\u00f5es nos hor\u00e1rios podem deixar alguns beb\u00eas mais agitados.<\/p>\n\n\n\n<p class=\"has-medium-font-size\">\u00c0s vezes, depois de uma mudan\u00e7a na rotina, \u00e9 preciso um pouco de tempo para que tudo volte ao normal.<\/p>\n\n\n\n<h2 class=\"wp-block-heading has-medium-font-size\">Quando os despertares do beb\u00ea merecem aten\u00e7\u00e3o?<\/h2>\n\n\n\n<p class=\"has-medium-font-size\">Acordar durante a noite pode fazer parte do desenvolvimento de muitos beb\u00eas.<\/p>\n\n\n\n<p class=\"has-medium-font-size\">Mas existem situa\u00e7\u00f5es em que n\u00e3o devemos simplesmente colocar tudo na conta do sono.<\/p>\n\n\n\n<p class=\"has-medium-font-size\">Procure orienta\u00e7\u00e3o m\u00e9dica se, al\u00e9m dos despertares frequentes, o beb\u00ea apresentar sinais como:<\/p>\n\n\n\n<ul class=\"wp-block-list\">\n<li class=\"has-medium-font-size\"><strong>Febre.<\/strong><\/li>\n\n\n\n<li class=\"has-medium-font-size\"><strong>Dificuldade para respirar.<\/strong><\/li>\n\n\n\n<li class=\"has-medium-font-size\"><strong>Pouco ganho de peso.<\/strong><\/li>\n\n\n\n<li class=\"has-medium-font-size\"><strong>Sonol\u00eancia excessiva ou dificuldade para acordar.<\/strong><\/li>\n\n\n\n<li class=\"has-medium-font-size\"><strong>Choro intenso e persistente.<\/strong><\/li>\n\n\n\n<li class=\"has-medium-font-size\"><strong>Recusa frequente das mamadas.<\/strong><\/li>\n<\/ul>\n\n\n\n<p class=\"has-medium-font-size\">Se alguma coisa parecer diferente do comportamento habitual do seu beb\u00ea, vale conversar com o pediatra.<\/p>\n\n\n\n<p class=\"has-medium-font-size\">Como m\u00e3e, eu aprendi que a nossa percep\u00e7\u00e3o tamb\u00e9m importa.<\/p>\n\n\n\n<p class=\"has-medium-font-size\">Se voc\u00ea sente que existe algo diferente ou que o beb\u00ea n\u00e3o est\u00e1 como de costume, n\u00e3o precisa esperar a situa\u00e7\u00e3o piorar para buscar orienta\u00e7\u00e3o.<\/p>\n\n\n\n<h2 class=\"wp-block-heading has-medium-font-size\">Perguntas frequentes sobre o sono do beb\u00ea<\/h2>\n\n\n\n<h3 class=\"wp-block-heading has-medium-font-size\">\u00c9 normal um beb\u00ea de 6 meses acordar v\u00e1rias vezes \u00e0 noite?<\/h3>\n\n\n\n<p class=\"has-medium-font-size\">Sim, isso pode acontecer. \u00c9 normal um beb\u00ea de 6 meses ainda acordar durante a noite.<\/p>\n\n\n\n<p class=\"has-medium-font-size\">Mesmo aos 6 meses, alguns beb\u00eas ainda acordam durante a madrugada. Cada beb\u00ea tem seu pr\u00f3prio ritmo e os despertares podem estar relacionados \u00e0 alimenta\u00e7\u00e3o, desconfortos, mudan\u00e7as na rotina ou simplesmente \u00e0 necessidade de voltar a dormir com ajuda.<\/p>\n\n\n\n<p class=\"has-medium-font-size\">No meu caso, meu beb\u00ea est\u00e1 perto dos 6 meses e ainda acorda algumas vezes para mamar.<\/p>\n\n\n\n<h3 class=\"wp-block-heading has-medium-font-size\">Beb\u00eas que mamam no peito acordam mais?<\/h3>\n\n\n\n<p class=\"has-medium-font-size\">N\u00e3o d\u00e1 para dizer que todos os beb\u00eas que mamam no peito v\u00e3o acordar mais.<\/p>\n\n\n\n<p class=\"has-medium-font-size\">Alguns podem continuar acordando durante a noite para mamar, enquanto outros conseguem passar per\u00edodos maiores dormindo.<\/p>\n\n\n\n<p class=\"has-medium-font-size\">Isso pode variar conforme a idade, as necessidades do beb\u00ea e a pr\u00f3pria rotina de cada fam\u00edlia.<\/p>\n\n\n\n<h3 class=\"wp-block-heading has-medium-font-size\">Existe idade certa para o beb\u00ea dormir a noite toda?<\/h3>\n\n\n\n<p class=\"has-medium-font-size\">N\u00e3o existe uma idade exata que sirva para todos os beb\u00eas.<\/p>\n\n\n\n<p class=\"has-medium-font-size\">Alguns come\u00e7am a dormir per\u00edodos maiores mais cedo, enquanto outros continuam acordando durante a madrugada por mais tempo.<\/p>\n\n\n\n<p class=\"has-medium-font-size\">Foi justamente isso que percebi com meu pr\u00f3prio beb\u00ea.<\/p>\n\n\n\n<h3 class=\"wp-block-heading has-medium-font-size\">O salto de desenvolvimento pode atrapalhar o sono?<\/h3>\n\n\n\n<p class=\"has-medium-font-size\">Mudan\u00e7as no desenvolvimento podem coincidir com altera\u00e7\u00f5es no sono.<\/p>\n\n\n\n<p class=\"has-medium-font-size\">O beb\u00ea est\u00e1 aprendendo muitas coisas nos primeiros meses, e sua rotina tamb\u00e9m vai mudando.<\/p>\n\n\n\n<p class=\"has-medium-font-size\">Por isso, pode haver per\u00edodos em que ele dorme melhor e outros em que passa a acordar mais.<\/p>\n\n\n\n<h3 class=\"wp-block-heading has-medium-font-size\">A denti\u00e7\u00e3o pode fazer o beb\u00ea acordar mais?<\/h3>\n\n\n\n<p class=\"has-medium-font-size\">O nascimento dos dentes pode deixar alguns beb\u00eas mais incomodados e isso pode atrapalhar o sono.<\/p>\n\n\n\n<p class=\"has-medium-font-size\">Se o beb\u00ea estiver muito desconfort\u00e1vel ou apresentar outros sintomas, vale conversar com o pediatra.<\/p>\n\n\n\n<h3 class=\"wp-block-heading has-medium-font-size\">Devo acordar meu beb\u00ea para mamar?<\/h3>\n\n\n\n<p class=\"has-medium-font-size\">Isso depende da idade do beb\u00ea, de como ele est\u00e1 se desenvolvendo, do ganho de peso e da orienta\u00e7\u00e3o do pediatra.<\/p>\n\n\n\n<p class=\"has-medium-font-size\">Por isso, n\u00e3o existe uma resposta \u00fanica para todos os beb\u00eas.<\/p>\n\n\n\n<p class=\"has-medium-font-size\">Se voc\u00ea est\u00e1 em d\u00favida sobre acordar ou n\u00e3o seu beb\u00ea para mamar, converse com o pediatra que acompanha a crian\u00e7a.<\/p>\n\n\n\n<h2 class=\"wp-block-heading has-medium-font-size\">O que eu aprendi sobre o sono do meu beb\u00ea<\/h2>\n\n\n\n<p class=\"has-medium-font-size\">Antes de ser m\u00e3e, eu imaginava que existiria um momento em que o beb\u00ea simplesmente come\u00e7aria a dormir a noite toda.<\/p>\n\n\n\n<p class=\"has-medium-font-size\">Como se, ao chegar a determinada idade, tudo mudasse de uma hora para outra.<\/p>\n\n\n\n<p class=\"has-medium-font-size\">Mas n\u00e3o foi assim comigo.<\/p>\n\n\n\n<p>Meu beb\u00ea foi mudando aos poucos.<\/p>\n\n\n\n<p>Nos primeiros meses, ele acordava quatro ou at\u00e9 cinco vezes durante a madrugada.<\/p>\n\n\n\n<p>Depois, os per\u00edodos de sono foram ficando maiores.<\/p>\n\n\n\n<p>Hoje, perto dos 6 meses, ele ainda acorda algumas vezes para mamar, mas nossas noites s\u00e3o bem diferentes de como eram no come\u00e7o.<\/p>\n\n\n\n<p>E talvez essa tenha sido a maior surpresa para mim.<\/p>\n\n\n\n<p><strong>N\u00e3o existe uma noite m\u00e1gica em que o beb\u00ea simplesmente passa a dormir a noite inteira.<\/strong><\/p>\n\n\n\n<p>Existe um processo.<\/p>\n\n\n\n<p class=\"has-medium-font-size\">Existem fases melhores e outras mais cansativas.<\/p>\n\n\n\n<p class=\"has-medium-font-size\">Existem noites em que tudo d\u00e1 certo e outras em que parece que o beb\u00ea n\u00e3o vai dormir de jeito nenhum.<\/p>\n\n\n\n<p class=\"has-medium-font-size\">E tudo isso pode fazer parte da maternidade.<\/p>\n\n\n\n<p class=\"has-medium-font-size\">Por isso, se voc\u00ea est\u00e1 acordando v\u00e1rias vezes durante a madrugada, talvez n\u00e3o precise pensar que est\u00e1 fazendo alguma coisa errada.<\/p>\n\n\n\n<p class=\"has-medium-font-size\">Observe seu beb\u00ea, conhe\u00e7a o ritmo dele e tenha paci\u00eancia com cada fase.<\/p>\n\n\n\n<p class=\"has-medium-font-size\">Aqui em casa, eu ainda estou aprendendo.<\/p>\n\n\n\n<p class=\"has-medium-font-size\">Meu beb\u00ea est\u00e1 quase completando 6 meses, ent\u00e3o ainda tenho muito para descobrir sobre o sono dele.<\/p>\n\n\n\n<p class=\"has-medium-font-size\">Mas uma coisa eu j\u00e1 sei: <strong>as noites mudam, e nem sempre precisamos esperar que o beb\u00ea durma a noite inteira para perceber que ele est\u00e1 dormindo melhor.<\/strong><\/p>\n\n\n\n<h2 class=\"wp-block-heading has-medium-font-size\">Conclus\u00e3o<\/h2>\n\n\n\n<p class=\"has-medium-font-size\"><strong>Quando o beb\u00ea come\u00e7a a dormir a noite toda?<\/strong><\/p>\n\n\n\n<p class=\"has-medium-font-size\">A resposta que me surpreendeu foi perceber que n\u00e3o existe uma idade exata.<\/p>\n\n\n\n<p class=\"has-medium-font-size\">No meu caso, a mudan\u00e7a aconteceu aos poucos.<\/p>\n\n\n\n<p class=\"has-medium-font-size\">Meu beb\u00ea, que chegou a acordar quatro ou cinco vezes durante a madrugada nos primeiros meses, hoje consegue dormir por per\u00edodos maiores e ainda acorda algumas vezes para mamar.<\/p>\n\n\n\n<p class=\"has-medium-font-size\">Foi observando essas pequenas mudan\u00e7as que entendi que cada beb\u00ea tem seu pr\u00f3prio ritmo.<\/p>\n\n\n\n<p class=\"has-medium-font-size\">Ent\u00e3o, se o seu beb\u00ea ainda acorda durante a noite, tenha em mente que isso pode mudar com o tempo.<\/p>\n\n\n\n<p class=\"has-medium-font-size\">Observe o desenvolvimento do seu beb\u00ea, respeite as necessidades dele e procure orienta\u00e7\u00e3o do pediatra sempre que tiver alguma preocupa\u00e7\u00e3o.<\/p>\n\n\n\n<p class=\"has-medium-font-size\">Porque, no fim, talvez <strong>\u201cdormir a noite toda\u201d n\u00e3o seja uma data que chega no calend\u00e1rio, mas uma mudan\u00e7a que acontece aos poucos.<\/strong> \ud83d\udc9b<\/p>\n\n\n\n<h2 class=\"wp-block-heading has-medium-font-size\">Leia tamb\u00e9m<\/h2>\n\n\n\n<p class=\"has-medium-font-size\">Se voc\u00ea est\u00e1 vivendo essa <strong>fase com seu beb\u00ea<\/strong>, estes <strong>conte\u00fados <\/strong>do <strong>Mundialize <\/strong>tamb\u00e9m podem ajudar:<\/p>\n\n\n\n<ul class=\"wp-block-list\">\n<li class=\"has-medium-font-size\"><strong><a href=\"https:\/\/mundialize.com.br\/pt_br\/os-5-alimentos-que-mais-deram-colica-no-meu-bebe\/\">Os 5 alimentos que mais deram c\u00f3lica no meu beb\u00ea<\/a><\/strong> \u2014 Descubra quais alimentos percebi que mais se relacionaram com os momentos de c\u00f3lica do meu beb\u00ea e o que observei nessa fase.<\/li>\n\n\n\n<li class=\"has-medium-font-size\"><strong><a href=\"https:\/\/mundialize.com.br\/pt_br\/bebe-fazendo-forca-e-normal-descobri-que-isso-era-mais-comum-do-que-imaginava\/\">Beb\u00ea fazendo for\u00e7a \u00e9 normal? Descobri que isso era mais comum do que imaginava<\/a><\/strong> \u2014 Entenda por que alguns beb\u00eas fazem for\u00e7a, ficam vermelhos e parecem estar com dificuldade para evacuar.<\/li>\n\n\n\n<li class=\"has-medium-font-size\"><strong><a href=\"https:\/\/mundialize.com.br\/pt_br\/se-eu-soubesse-disso-antes-de-amamentar-tudo-teria-sido-diferente\/\">Se eu soubesse disso antes de amamentar, tudo teria sido diferente<\/a><\/strong> \u2014 Um relato de m\u00e3e sobre coisas que gostaria de ter sabido antes de come\u00e7ar a amamentar.<\/li>\n\n\n\n<li class=\"has-medium-font-size\"><strong><a href=\"https:\/\/mundialize.com.br\/pt_br\/quantas-fraldas-um-recem-nascido-usa-por-dia\/\">Quantas fraldas um rec\u00e9m-nascido usa por dia?<\/a><\/strong> \u2014 Veja quantas fraldas um rec\u00e9m-nascido pode usar por dia e o que observar durante os primeiros meses.<\/li>\n\n\n\n<li class=\"has-medium-font-size\"><strong><a href=\"https:\/\/mundialize.com.br\/pt_br\/porque-o-bebe-chora-quando-nasce-4-motivos\/\">Por que o beb\u00ea chora quando nasce? 4 motivos<\/a><\/strong> \u2014 Entenda alguns dos principais motivos que explicam por que o beb\u00ea chora logo depois do nascimento.<\/li>\n\n\n\n<li class=\"has-medium-font-size\"><strong><a href=\"https:\/\/mundialize.com.br\/pt_br\/por-que-amamentar-emagrece\/\">Por que amamentar emagrece?<\/a><\/strong> \u2014 Entenda a rela\u00e7\u00e3o entre amamenta\u00e7\u00e3o e gasto de energia e veja o que aconteceu comigo durante essa fase.<\/li>\n\n\n\n<li class=\"has-medium-font-size\"><strong><a href=\"https:\/\/mundialize.com.br\/pt_br\/por-que-a-pele-escurece-na-gravidez-5-motivos\/\">Por que a pele escurece na gravidez? 5 motivos<\/a><\/strong> \u2014 Descubra por que algumas regi\u00f5es da pele podem ficar mais escuras durante a gravidez e o que pode acontecer depois do parto.<\/li>\n\n\n\n<li class=\"has-medium-font-size\"><strong><a href=\"https:\/\/mundialize.com.br\/\">Mundialize: maternidade, gravidez e conte\u00fados para mulheres<\/a><\/strong> \u2014 Encontre outros conte\u00fados sobre maternidade, beb\u00ea, gravidez e experi\u00eancias da vida de m\u00e3e.<\/li>\n<\/ul>\n","protected":false},"excerpt":{"rendered":"<p>Quando o beb\u00ea come\u00e7a a dormir a noite toda? Descubra em que idade isso pode acontecer, o que \u00e9 normal e por que alguns beb\u00eas ainda acordam durante a madrugada. Quando o beb\u00ea come\u00e7a a dormir a noite toda? Descubra em que idade isso pode acontecer, o que \u00e9 normal e por que alguns beb\u00eas ainda acordam durante a madrugada. Quando o beb\u00ea come\u00e7a a dormir a noite toda? A resposta me surpreendeu<\/p>\n","protected":false},"author":1,"featured_media":2655,"comment_status":"open","ping_status":"open","sticky":false,"template":"","format":"standard","meta":{"footnotes":""},"categories":[1],"tags":[],"class_list":["post-2642","post","type-post","status-publish","format-standard","has-post-thumbnail","hentry","category-blog"],"_links":{"self":[{"href":"https:\/\/mundialize.com.br\/pt_br\/wp-json\/wp\/v2\/posts\/2642","targetHints":{"allow":["GET"]}}],"collection":[{"href":"https:\/\/mundialize.com.br\/pt_br\/wp-json\/wp\/v2\/posts"}],"about":[{"href":"https:\/\/mundialize.com.br\/pt_br\/wp-json\/wp\/v2\/types\/post"}],"author":[{"embeddable":true,"href":"https:\/\/mundialize.com.br\/pt_br\/wp-json\/wp\/v2\/users\/1"}],"replies":[{"embeddable":true,"href":"https:\/\/mundialize.com.br\/pt_br\/wp-json\/wp\/v2\/comments?post=2642"}],"version-history":[{"count":8,"href":"https:\/\/mundialize.com.br\/pt_br\/wp-json\/wp\/v2\/posts\/2642\/revisions"}],"predecessor-version":[{"id":2661,"href":"https:\/\/mundialize.com.br\/pt_br\/wp-json\/wp\/v2\/posts\/2642\/revisions\/2661"}],"wp:featuredmedia":[{"embeddable":true,"href":"https:\/\/mundialize.com.br\/pt_br\/wp-json\/wp\/v2\/media\/2655"}],"wp:attachment":[{"href":"https:\/\/mundialize.com.br\/pt_br\/wp-json\/wp\/v2\/media?parent=2642"}],"wp:term":[{"taxonomy":"category","embeddable":true,"href":"https:\/\/mundialize.com.br\/pt_br\/wp-json\/wp\/v2\/categories?post=2642"},{"taxonomy":"post_tag","embeddable":true,"href":"https:\/\/mundialize.com.br\/pt_br\/wp-json\/wp\/v2\/tags?post=2642"}],"curies":[{"name":"wp","href":"https:\/\/api.w.org\/{rel}","templated":true}]}}